{"id":15400,"date":"2025-05-15T16:46:26","date_gmt":"2025-05-15T19:46:26","guid":{"rendered":"https:\/\/laserenaradio.cl\/web\/?p=15400"},"modified":"2025-05-15T16:46:26","modified_gmt":"2025-05-15T19:46:26","slug":"mario-marcel-rechaza-advertencia-del-consejo-fiscal-autonomo","status":"publish","type":"post","link":"https:\/\/laserenaradio.cl\/web\/2025\/05\/15\/mario-marcel-rechaza-advertencia-del-consejo-fiscal-autonomo\/","title":{"rendered":"Mario Marcel rechaza advertencia del Consejo Fiscal Aut\u00f3nomo"},"content":{"rendered":"<p>El ministro de Hacienda Mario Marcel decidi\u00f3 distanciarse del informe del Consejo Fiscal Aut\u00f3nomo (CFA) advirtiendo estr\u00e9s fiscal permanente. La recomendaci\u00f3n de gradualidad en recortes de gasto p\u00fablico fue abordada por el secretario de Estado, quien concuerda con la necesidad de grandes acuerdos pol\u00edticos para cambiar la evoluci\u00f3n de las finanzas p\u00fablicas.<\/p>\n<p>Marcel enfatiza que el gobierno est\u00e1 trabajando en la consolidaci\u00f3n del cambio de direcci\u00f3n hacia una menor expansi\u00f3n del gasto p\u00fablico. Sin embargo, se\u00f1ala que el foco en recortes administrativos de corto plazo no aborda la magnitud del desaf\u00edo, ya que gran parte del gasto p\u00fablico est\u00e1 fijado por ley y requiere modificaciones legislativas para su ajuste.<\/p>\n<p>Durante la Semana de la Construcci\u00f3n, Marcel record\u00f3 que con la aprobaci\u00f3n de seis iniciativas legales hoy en discusi\u00f3n se puede eliminar la brecha entre gastos comprometidos y gastos compatibles con la meta financiera. Adem\u00e1s, ha convocado una comisi\u00f3n para hacer propuestas adicionales de reformas permanentes que reduzcan la presi\u00f3n sobre las finanzas p\u00fablicas.<\/p>\n<p>Asegura que la pol\u00edtica fiscal no se limita al gasto p\u00fablico; tambi\u00e9n incluye los ingresos. Tratar de generar una inflexi\u00f3n a trav\u00e9s de recortes de corto plazo en el gasto administrativo no aborda adecuadamente el desaf\u00edo. Defiende un ajuste fiscal gradual para evitar impactar la inversi\u00f3n y la construcci\u00f3n, sectores clave.<\/p>\n<p>El ministro Marcel enfatiza que las medidas anunciadas en el Informe de Finanzas P\u00fablicas (IFP) tienen el apoyo de entidades como las clasificadoras de riesgo. Asegura que Chile adoptando un ajuste fiscal m\u00e1s gradual no es equivocado para analistas y organismos internacionales.<\/p>\n<p>En su discurso, Marcel anunci\u00f3 un proyecto de ley para impulsar la inversi\u00f3n este a\u00f1o con foco en proyectos avanzados en tramitaci\u00f3n del sistema de evaluaci\u00f3n ambiental. Este plan materializar\u00e1 &#8220;en los pr\u00f3ximos d\u00edas&#8221;.<\/p>\n","protected":false},"excerpt":{"rendered":"<p>El ministro de Hacienda Mario Marcel decidi\u00f3 distanciarse del informe del Consejo Fiscal Aut\u00f3nomo (CFA) advirtiendo estr\u00e9s fiscal permanente. La recomendaci\u00f3n de gradualidad en recortes de gasto p\u00fablico fue abordada por el secretario de Estado, quien concuerda con la necesidad de grandes acuerdos pol\u00edticos para cambiar la evoluci\u00f3n de las finanzas p\u00fablicas. Marcel enfatiza que [&hellip;]<\/p>\n","protected":false},"author":2,"featured_media":15399,"comment_status":"closed","ping_status":"open","sticky":false,"template":"","format":"standard","meta":{"_jetpack_memberships_contains_paid_content":false,"jnews-multi-image_gallery":[],"jnews_single_post":[],"jnews_primary_category":[],"jnews_social_meta":[],"jnews_paywall_metabox":[],"jnews_review":[],"enable_review":"","type":"","name":"","summary":"","brand":"","sku":"","good":[],"bad":[],"score_override":"","override_value":"","rating":[],"price":[],"jnews_override_counter":[],"jnews_post_split":[],"footnotes":""},"categories":[83],"tags":[],"class_list":["post-15400","post","type-post","status-publish","format-standard","has-post-thumbnail","hentry","category-politica"],"jetpack_featured_media_url":"https:\/\/laserenaradio.cl\/web\/wp-content\/uploads\/2025\/05\/homepiaiextractoscrapimg_webpMarioMarcel_1.webp","jetpack_sharing_enabled":true,"_links":{"self":[{"href":"https:\/\/laserenaradio.cl\/web\/wp-json\/wp\/v2\/posts\/15400","targetHints":{"allow":["GET"]}}],"collection":[{"href":"https:\/\/laserenaradio.cl\/web\/wp-json\/wp\/v2\/posts"}],"about":[{"href":"https:\/\/laserenaradio.cl\/web\/wp-json\/wp\/v2\/types\/post"}],"author":[{"embeddable":true,"href":"https:\/\/laserenaradio.cl\/web\/wp-json\/wp\/v2\/users\/2"}],"replies":[{"embeddable":true,"href":"https:\/\/laserenaradio.cl\/web\/wp-json\/wp\/v2\/comments?post=15400"}],"version-history":[{"count":1,"href":"https:\/\/laserenaradio.cl\/web\/wp-json\/wp\/v2\/posts\/15400\/revisions"}],"predecessor-version":[{"id":15401,"href":"https:\/\/laserenaradio.cl\/web\/wp-json\/wp\/v2\/posts\/15400\/revisions\/15401"}],"wp:featuredmedia":[{"embeddable":true,"href":"https:\/\/laserenaradio.cl\/web\/wp-json\/wp\/v2\/media\/15399"}],"wp:attachment":[{"href":"https:\/\/laserenaradio.cl\/web\/wp-json\/wp\/v2\/media?parent=15400"}],"wp:term":[{"taxonomy":"category","embeddable":true,"href":"https:\/\/laserenaradio.cl\/web\/wp-json\/wp\/v2\/categories?post=15400"},{"taxonomy":"post_tag","embeddable":true,"href":"https:\/\/laserenaradio.cl\/web\/wp-json\/wp\/v2\/tags?post=15400"}],"curies":[{"name":"wp","href":"https:\/\/api.w.org\/{rel}","templated":true}]}}