{"id":15373,"date":"2025-05-15T11:19:24","date_gmt":"2025-05-15T14:19:24","guid":{"rendered":"https:\/\/laserenaradio.cl\/web\/?p=15373"},"modified":"2025-05-15T11:19:24","modified_gmt":"2025-05-15T14:19:24","slug":"el-caso-procultura-tensiones-entre-oficialismo-por-vinculos-de-alberto-larrain","status":"publish","type":"post","link":"https:\/\/laserenaradio.cl\/web\/2025\/05\/15\/el-caso-procultura-tensiones-entre-oficialismo-por-vinculos-de-alberto-larrain\/","title":{"rendered":"El Caso ProCultura: Tensiones entre oficialismo por v\u00ednculos de Alberto Larra\u00edn."},"content":{"rendered":"<p>El caso ProCultura ha generado tensiones en el oficialismo, con posturas divergentes ante la investigaci\u00f3n. Frente Amplio y DC se enfrentan por los v\u00ednculos de Alberto Larra\u00edn, fundador de la fundaci\u00f3n cuestionada.<\/p>\n<p>Frente Amplio y Democracia Cristiana se disputan responsabilidades sobre ProCultura<\/p>\n<p>La presidente del Frente Amplio, Constanza Mart\u00ednez, aclar\u00f3 que Larra\u00edn no tiene v\u00ednculos con ellos y se\u00f1al\u00f3 responsabilidad de gobiernos regionales DC. DC respondi\u00f3 diciendo que Mart\u00ednez estaba en un error y pidi\u00f3 investigar sin defensa corporativa.<\/p>\n<p>Vinculaciones pol\u00edticas de Alberto Larra\u00edn<\/p>\n<p>Mart\u00ednez explic\u00f3 que Larra\u00edn tiene v\u00ednculos pol\u00edticos diversos, no necesariamente con DC. Diputado DC critic\u00f3 la actitud del FA de evadir responsabilidades como gobierno.<\/p>\n<p>Investigaci\u00f3n sin defensa corporativa<\/p>\n<p>DC pidi\u00f3 una investigaci\u00f3n justa y sin defensa corporativa, acusando a Mart\u00ednez de &#8220;espionaje pol\u00edtico&#8221;. Mart\u00ednez utiliz\u00f3 sus redes para desmentir que el Frente Amplio tenga v\u00ednculos con ProCultura.<\/p>\n<p>Vinculaciones pol\u00edticas variadas<\/p>\n<p>Mart\u00ednez afirm\u00f3 que Larra\u00edn tiene v\u00ednculos con diversos actores pol\u00edticos, pero no especific\u00f3 v\u00ednculos directos con DC. Ambas partes mantienen posturas firmes sobre la investigaci\u00f3n y responsabilidades.<\/p>\n","protected":false},"excerpt":{"rendered":"<p>El caso ProCultura ha generado tensiones en el oficialismo, con posturas divergentes ante la investigaci\u00f3n. Frente Amplio y DC se enfrentan por los v\u00ednculos de Alberto Larra\u00edn, fundador de la fundaci\u00f3n cuestionada. Frente Amplio y Democracia Cristiana se disputan responsabilidades sobre ProCultura La presidente del Frente Amplio, Constanza Mart\u00ednez, aclar\u00f3 que Larra\u00edn no tiene v\u00ednculos [&hellip;]<\/p>\n","protected":false},"author":2,"featured_media":15372,"comment_status":"closed","ping_status":"open","sticky":false,"template":"","format":"standard","meta":{"_jetpack_memberships_contains_paid_content":false,"jnews-multi-image_gallery":[],"jnews_single_post":[],"jnews_primary_category":[],"jnews_social_meta":[],"jnews_paywall_metabox":[],"jnews_review":[],"enable_review":"","type":"","name":"","summary":"","brand":"","sku":"","good":[],"bad":[],"score_override":"","override_value":"","rating":[],"price":[],"jnews_override_counter":[],"jnews_post_split":[],"footnotes":""},"categories":[83],"tags":[],"class_list":["post-15373","post","type-post","status-publish","format-standard","has-post-thumbnail","hentry","category-politica"],"jetpack_featured_media_url":"https:\/\/laserenaradio.cl\/web\/wp-content\/uploads\/2025\/05\/homepiaiextractoscrapimg_webpFrenteAmplioAlbertoresponsabilidadestiene_0.webp","jetpack_sharing_enabled":true,"_links":{"self":[{"href":"https:\/\/laserenaradio.cl\/web\/wp-json\/wp\/v2\/posts\/15373","targetHints":{"allow":["GET"]}}],"collection":[{"href":"https:\/\/laserenaradio.cl\/web\/wp-json\/wp\/v2\/posts"}],"about":[{"href":"https:\/\/laserenaradio.cl\/web\/wp-json\/wp\/v2\/types\/post"}],"author":[{"embeddable":true,"href":"https:\/\/laserenaradio.cl\/web\/wp-json\/wp\/v2\/users\/2"}],"replies":[{"embeddable":true,"href":"https:\/\/laserenaradio.cl\/web\/wp-json\/wp\/v2\/comments?post=15373"}],"version-history":[{"count":1,"href":"https:\/\/laserenaradio.cl\/web\/wp-json\/wp\/v2\/posts\/15373\/revisions"}],"predecessor-version":[{"id":15374,"href":"https:\/\/laserenaradio.cl\/web\/wp-json\/wp\/v2\/posts\/15373\/revisions\/15374"}],"wp:featuredmedia":[{"embeddable":true,"href":"https:\/\/laserenaradio.cl\/web\/wp-json\/wp\/v2\/media\/15372"}],"wp:attachment":[{"href":"https:\/\/laserenaradio.cl\/web\/wp-json\/wp\/v2\/media?parent=15373"}],"wp:term":[{"taxonomy":"category","embeddable":true,"href":"https:\/\/laserenaradio.cl\/web\/wp-json\/wp\/v2\/categories?post=15373"},{"taxonomy":"post_tag","embeddable":true,"href":"https:\/\/laserenaradio.cl\/web\/wp-json\/wp\/v2\/tags?post=15373"}],"curies":[{"name":"wp","href":"https:\/\/api.w.org\/{rel}","templated":true}]}}