{"id":15318,"date":"2025-05-14T09:01:52","date_gmt":"2025-05-14T12:01:52","guid":{"rendered":"https:\/\/laserenaradio.cl\/web\/?p=15318"},"modified":"2025-05-14T09:01:52","modified_gmt":"2025-05-14T12:01:52","slug":"la-comision-mixta-aprueba-financiamiento-para-fraccionamiento-pesquero","status":"publish","type":"post","link":"https:\/\/laserenaradio.cl\/web\/2025\/05\/14\/la-comision-mixta-aprueba-financiamiento-para-fraccionamiento-pesquero\/","title":{"rendered":"La comisi\u00f3n mixta aprueba financiamiento para fraccionamiento pesquero"},"content":{"rendered":"<p>Una extensa, pero sobre todo tensa sesi\u00f3n es la que se desarroll\u00f3 este martes en la comisi\u00f3n mixta por el proyecto de fraccionamiento pesquero. Si bien se avanz\u00f3, la discusi\u00f3n a\u00fan no logra tener punto final, quedando para fin de mes cuando se re\u00fana nuevamente la instancia. As\u00ed, las pr\u00f3ximas semanas ser\u00e1n relevantes para buscar acuerdos.<\/p>\n<p>A la comisi\u00f3n mixta le restaban dos pendientes: abordar el financiamiento del proyecto y lo que ocurrir\u00e1 con la merluza com\u00fan, donde se concentra la pol\u00e9mica por la presentaci\u00f3n de datos err\u00f3neos en la sesi\u00f3n del 7 de mayo. Este martes, el Gobierno present\u00f3 una propuesta frente a la falta de financiamiento fiscal que implic\u00f3 el rechazo de la comisi\u00f3n al mecanismo de licitaci\u00f3n del Ejecutivo.<\/p>\n<p>El ministro de Econom\u00eda, Nicol\u00e1s Grau, quien adem\u00e1s protagoniz\u00f3 la vocer\u00eda del Gobierno a pesar de ir acompa\u00f1ado por el subsecretario de Pesca, Julio Salas, puntualiz\u00f3 en c\u00f3mo ser\u00eda el informe financiero ahora sin licitaci\u00f3n: \u201cEstar\u00edamos $ 26 mil millones abajo el 2026, $ 30.334 millones abajo el 2027 y $ 34.473 millones abajo el 2028\u201d.<\/p>\n<p>La propuesta del Gobierno permitir\u00eda recaudar por sobre los $ 20 mil millones. Desde el <a href=\"https:\/\/www.hacienda.cl\/\">Ministerio de Hacienda<\/a>, Francisco Saffie indic\u00f3 que la idea es \u201cestablecer esta patente especial para las autorizaciones que efect\u00fae la Subsecretar\u00eda de Pesca, conforme a la ley vigente (&#8230;) respecto a la captura de recursos marinos, cuyo derecho provenga de contratos o convenciones voluntarias de asignaciones de cuotas de pesquer\u00edas en altamar, en aplicaci\u00f3n de tratados internacionales, de los cuales Chile sea parte o miembro\u201d.<\/p>\n<p>Grau enfatiz\u00f3 que esto no es un impuesto y que su naturaleza jur\u00eddica es similar a una patente. Si bien esto abri\u00f3 dudas, se seguir\u00e1 conversando de cara a la pr\u00f3xima sesi\u00f3n.<\/p>\n<p>En la cita se plante\u00f3 la idea del Ejecutivo de conseguir la unanimidad para repetir la votaci\u00f3n respecto a la merluza com\u00fan, pero el diputado Jorge Brito se opuso, por lo que el hecho gatill\u00f3 un intenso debate para definir c\u00f3mo continuar. Finalmente, la instancia aprob\u00f3 la propuesta del presidente de la comisi\u00f3n mixta, Fidel Espinoza, respecto a que el fraccionamiento de la pesquer\u00eda de la merluza com\u00fan sea votada de forma separada en la Sala de ambas c\u00e1maras.<\/p>\n<p>Al inicio de la sesi\u00f3n, como era de esperar, parte de los dardos fueron al Ejecutivo por la presentaci\u00f3n de datos err\u00f3neos sobre la captura de la cuota de merluza. Pero tambi\u00e9n los cruces se dieron entre los propios parlamentarios en este punto.<\/p>\n<p>El diputado Sergio Bobadilla fue el m\u00e1s cr\u00edtico contra el Gobierno. Asegur\u00f3 que tanto Grau como Salas \u201cno son interlocutores v\u00e1lidos\u201d y\u00a0que por \u201cdecencia pol\u00edtica\u201d sugiri\u00f3 que renuncien a sus cargos. Mientras, la diputada Daniella Cicardini cuestion\u00f3 al diputado y apunt\u00f3 a \u201coportunismo pol\u00edtico\u201d.<\/p>\n<p>Junto a estas discusiones, la principal explotadora de merluza com\u00fan en el pa\u00eds, Pacific Harvest, valor\u00f3 la decisi\u00f3n tomada por la instancia. \u201cLa votaci\u00f3n independiente del fraccionamiento -aplicable solo a la merluza com\u00fan- abre una oportunidad para corregir una norma cuestionada tanto por el uso de antecedentes err\u00f3neos durante su tramitaci\u00f3n como por los graves efectos sociales y productivos que conlleva\u201d, dijo. Y asegur\u00f3: \u201cEsperamos que se abra una nueva discusi\u00f3n legislativa, esta vez con informaci\u00f3n fidedigna y actualizada\u201d.<\/p>\n<p>Por su parte, Grau indic\u00f3 que \u201clo que queda pendiente es el tema de la merluza, en que hay una definici\u00f3n hasta ahora de 52-48 a favor del sector artesanal. Algunos parlamentarios hicieron una propuesta de tratar de buscar un acuerdo que tuviera que ver con la gradualidad. Nosotros pensamos que esa propuesta todav\u00eda se puede trabajar\u201d.<\/p>\n","protected":false},"excerpt":{"rendered":"<p>Una extensa, pero sobre todo tensa sesi\u00f3n es la que se desarroll\u00f3 este martes en la comisi\u00f3n mixta por el proyecto de fraccionamiento pesquero. Si bien se avanz\u00f3, la discusi\u00f3n a\u00fan no logra tener punto final, quedando para fin de mes cuando se re\u00fana nuevamente la instancia. As\u00ed, las pr\u00f3ximas semanas ser\u00e1n relevantes para buscar [&hellip;]<\/p>\n","protected":false},"author":2,"featured_media":15317,"comment_status":"closed","ping_status":"open","sticky":false,"template":"","format":"standard","meta":{"_jetpack_memberships_contains_paid_content":false,"jnews-multi-image_gallery":[],"jnews_single_post":[],"jnews_primary_category":[],"jnews_social_meta":[],"jnews_paywall_metabox":[],"jnews_review":[],"enable_review":"","type":"","name":"","summary":"","brand":"","sku":"","good":[],"bad":[],"score_override":"","override_value":"","rating":[],"price":[],"jnews_override_counter":[],"jnews_post_split":[],"footnotes":""},"categories":[83],"tags":[],"class_list":["post-15318","post","type-post","status-publish","format-standard","has-post-thumbnail","hentry","category-politica"],"jetpack_featured_media_url":"https:\/\/laserenaradio.cl\/web\/wp-content\/uploads\/2025\/05\/homepiaiextractoscrapimg_predeterminadalaserenaradio_ultimo_minuto-5.webp","jetpack_sharing_enabled":true,"_links":{"self":[{"href":"https:\/\/laserenaradio.cl\/web\/wp-json\/wp\/v2\/posts\/15318","targetHints":{"allow":["GET"]}}],"collection":[{"href":"https:\/\/laserenaradio.cl\/web\/wp-json\/wp\/v2\/posts"}],"about":[{"href":"https:\/\/laserenaradio.cl\/web\/wp-json\/wp\/v2\/types\/post"}],"author":[{"embeddable":true,"href":"https:\/\/laserenaradio.cl\/web\/wp-json\/wp\/v2\/users\/2"}],"replies":[{"embeddable":true,"href":"https:\/\/laserenaradio.cl\/web\/wp-json\/wp\/v2\/comments?post=15318"}],"version-history":[{"count":1,"href":"https:\/\/laserenaradio.cl\/web\/wp-json\/wp\/v2\/posts\/15318\/revisions"}],"predecessor-version":[{"id":15319,"href":"https:\/\/laserenaradio.cl\/web\/wp-json\/wp\/v2\/posts\/15318\/revisions\/15319"}],"wp:featuredmedia":[{"embeddable":true,"href":"https:\/\/laserenaradio.cl\/web\/wp-json\/wp\/v2\/media\/15317"}],"wp:attachment":[{"href":"https:\/\/laserenaradio.cl\/web\/wp-json\/wp\/v2\/media?parent=15318"}],"wp:term":[{"taxonomy":"category","embeddable":true,"href":"https:\/\/laserenaradio.cl\/web\/wp-json\/wp\/v2\/categories?post=15318"},{"taxonomy":"post_tag","embeddable":true,"href":"https:\/\/laserenaradio.cl\/web\/wp-json\/wp\/v2\/tags?post=15318"}],"curies":[{"name":"wp","href":"https:\/\/api.w.org\/{rel}","templated":true}]}}