{"id":15306,"date":"2025-05-13T21:24:24","date_gmt":"2025-05-14T00:24:24","guid":{"rendered":"https:\/\/laserenaradio.cl\/web\/?p=15306"},"modified":"2025-05-13T21:24:24","modified_gmt":"2025-05-14T00:24:24","slug":"tomas-vodanovic-el-frente-amplio-debio-haber-madurado-sobre-corrupcion","status":"publish","type":"post","link":"https:\/\/laserenaradio.cl\/web\/2025\/05\/13\/tomas-vodanovic-el-frente-amplio-debio-haber-madurado-sobre-corrupcion\/","title":{"rendered":"Tom\u00e1s Vodanovic: &#8220;El Frente Amplio debi\u00f3 haber madurado sobre corrupci\u00f3n&#8221;"},"content":{"rendered":"<p>El alcalde de Maip\u00fa, Tom\u00e1s Vodanovic (FA), abord\u00f3 la pol\u00e9mica generada por el caso ProCultura y las filtraciones que han impactado incluso al presidente Gabriel Boric. En una conversaci\u00f3n con ADN, desde la experiencia del Frente Amplio, se\u00f1al\u00f3: &#8220;muchas veces hubo una reflexi\u00f3n en el Frente Amplio, quiz\u00e1s un poquito ingenua, por lo incipiente que era pensar que este tipo de fen\u00f3menos o pr\u00e1cticas nunca nos iban a tocar&#8221;. <\/p>\n<p>Y es parte importante de un proceso de maduraci\u00f3n, entender que cualquier organizaci\u00f3n compuesta por personas no est\u00e1 exenta de que ocurran este tipo de acciones en ella. Lo importante es c\u00f3mo uno reacciona. En esta l\u00ednea, el alcalde de Maip\u00fa recalc\u00f3 la \u201creacci\u00f3n institucional\u201d que tuvo el partido en el caso Fundaciones. Nadie intent\u00f3 minimizar, nadie intent\u00f3 ocultar, nadie hizo ninguna defensa corporativa (\u2026). La decisi\u00f3n categ\u00f3rica m\u00eda y de muchos militantes fue apuntar con el dedo de inmediato, pedir que se investigue.<\/p>\n<p>As\u00ed tambi\u00e9n \u201capartar por completo del proyecto pol\u00edtico y esperar las decisiones lo m\u00e1s dr\u00e1sticas posible, porque dijimos: \u2018ese tipo de pr\u00e1cticas no puede tener espacio en nuestro proyecto pol\u00edtico, porque traicionan por completo lo que nosotros hemos venido a construir&#8221;\u2019. <\/p>\n<p>Para el l\u00edder de Maip\u00fa, \u201cnosotros tenemos que someternos a este sano escrutinio que tiene que tener toda autoridad p\u00fablica, de ser investigado, de perseguir la verdad como fin \u00faltimo, y de que generar una l\u00f3gica del caiga quien caiga en esos procesos\u201d. <\/p>\n<p>En ese sentido, yo creo que es importante que todo se investigue, que todo se esclarezca y que si se identifican faltas, hechos de corrupci\u00f3n o delitos, estos se sancionen con todo el rigor de la ley.<\/p>\n","protected":false},"excerpt":{"rendered":"<p>El alcalde de Maip\u00fa, Tom\u00e1s Vodanovic (FA), abord\u00f3 la pol\u00e9mica generada por el caso ProCultura y las filtraciones que han impactado incluso al presidente Gabriel Boric. En una conversaci\u00f3n con ADN, desde la experiencia del Frente Amplio, se\u00f1al\u00f3: &#8220;muchas veces hubo una reflexi\u00f3n en el Frente Amplio, quiz\u00e1s un poquito ingenua, por lo incipiente que [&hellip;]<\/p>\n","protected":false},"author":2,"featured_media":15305,"comment_status":"closed","ping_status":"open","sticky":false,"template":"","format":"standard","meta":{"_jetpack_memberships_contains_paid_content":false,"jnews-multi-image_gallery":[],"jnews_single_post":[],"jnews_primary_category":[],"jnews_social_meta":[],"jnews_paywall_metabox":[],"jnews_review":[],"enable_review":"","type":"","name":"","summary":"","brand":"","sku":"","good":[],"bad":[],"score_override":"","override_value":"","rating":[],"price":[],"jnews_override_counter":[],"jnews_post_split":[],"footnotes":""},"categories":[83],"tags":[],"class_list":["post-15306","post","type-post","status-publish","format-standard","has-post-thumbnail","hentry","category-politica"],"jetpack_featured_media_url":"https:\/\/laserenaradio.cl\/web\/wp-content\/uploads\/2025\/05\/homepiaiextractoscrapimg_webpTomasVodanovic_1.webp","jetpack_sharing_enabled":true,"_links":{"self":[{"href":"https:\/\/laserenaradio.cl\/web\/wp-json\/wp\/v2\/posts\/15306","targetHints":{"allow":["GET"]}}],"collection":[{"href":"https:\/\/laserenaradio.cl\/web\/wp-json\/wp\/v2\/posts"}],"about":[{"href":"https:\/\/laserenaradio.cl\/web\/wp-json\/wp\/v2\/types\/post"}],"author":[{"embeddable":true,"href":"https:\/\/laserenaradio.cl\/web\/wp-json\/wp\/v2\/users\/2"}],"replies":[{"embeddable":true,"href":"https:\/\/laserenaradio.cl\/web\/wp-json\/wp\/v2\/comments?post=15306"}],"version-history":[{"count":1,"href":"https:\/\/laserenaradio.cl\/web\/wp-json\/wp\/v2\/posts\/15306\/revisions"}],"predecessor-version":[{"id":15307,"href":"https:\/\/laserenaradio.cl\/web\/wp-json\/wp\/v2\/posts\/15306\/revisions\/15307"}],"wp:featuredmedia":[{"embeddable":true,"href":"https:\/\/laserenaradio.cl\/web\/wp-json\/wp\/v2\/media\/15305"}],"wp:attachment":[{"href":"https:\/\/laserenaradio.cl\/web\/wp-json\/wp\/v2\/media?parent=15306"}],"wp:term":[{"taxonomy":"category","embeddable":true,"href":"https:\/\/laserenaradio.cl\/web\/wp-json\/wp\/v2\/categories?post=15306"},{"taxonomy":"post_tag","embeddable":true,"href":"https:\/\/laserenaradio.cl\/web\/wp-json\/wp\/v2\/tags?post=15306"}],"curies":[{"name":"wp","href":"https:\/\/api.w.org\/{rel}","templated":true}]}}