{"id":15282,"date":"2025-05-13T12:34:49","date_gmt":"2025-05-13T15:34:49","guid":{"rendered":"https:\/\/laserenaradio.cl\/web\/?p=15282"},"modified":"2025-05-13T12:34:49","modified_gmt":"2025-05-13T15:34:49","slug":"encuestas-desfavorables-y-candidatos-a-la-presidencia-que-no-se-retiran","status":"publish","type":"post","link":"https:\/\/laserenaradio.cl\/web\/2025\/05\/13\/encuestas-desfavorables-y-candidatos-a-la-presidencia-que-no-se-retiran\/","title":{"rendered":"Encuestas desfavorables y candidatos a la presidencia que no se retiran."},"content":{"rendered":"<p>A pesar de su baja en las encuestas, Johannes Kaiser, abanderado del Partido Nacional Libertario, descart\u00f3 bajar su candidatura presidencial. En Chile Vamos y el Partido Republicano desdramatizaron la participaci\u00f3n de seis candidatos a primera vuelta y aseguraron que sus esfuerzos est\u00e1n en las propuestas de campa\u00f1a.<\/p>\n<p>Los sondeos volvieron a poner sobre la mesa la preocupaci\u00f3n de la derecha por la dispersi\u00f3n de candidatos. Seg\u00fan Cadem, Evelyn Matthei de Chile Vamos sigue liderando con 20%, pero cay\u00f3 dos puntos respecto al sondeo anterior. Jos\u00e9 Antonio Kast del Partido Republicano ocupa el segundo lugar con 14% y un aumento de dos puntos.<\/p>\n<p>El diputado Johannes Kaiser, del Partido Nacional Libertario, ha llevado semanas en una ca\u00edda sostenida, pasando de 15% en abril a 6% en mayo. Pese a este panorama, Kaiser asegur\u00f3 que no declinar\u00e1 su candidatura &#8220;aunque quede debiendo en las encuestas&#8221;.<\/p>\n<p>Los comandos han cuestionado la necesidad de reducir el n\u00famero de candidatos para ir con menos de seis a primera vuelta. Matthei desdramatiz\u00f3 la situaci\u00f3n y se enfocar\u00e1 en sus propuestas de campa\u00f1a.<\/p>\n<p>Arturo Squella, presidente del Partido Republicano, se\u00f1al\u00f3 que respetar\u00e1n las decisiones aut\u00f3nomas en lo presidencial que tomen los Social Cristianos y Nacional Libertarios -colectividades con las cuales tienen pacto parlamentario- y entregar\u00e1n todo su apoyo al que llegue al balotaje.<\/p>\n<p>El vocero de campa\u00f1a de Kaiser, el diputado Cristian Labb\u00e9, sostuvo que las encuestas no les preocupan y seguir\u00e1n con la campa\u00f1a. A este panorama se suma Francesca Mu\u00f1oz, abanderada Social Cristiana; Franco Parisi del PDG; y Ximena Rinc\u00f3n de Dem\u00f3cratas, quien sigue en la b\u00fasqueda de firmas para habilitar su postulaci\u00f3n.<\/p>\n","protected":false},"excerpt":{"rendered":"<p>A pesar de su baja en las encuestas, Johannes Kaiser, abanderado del Partido Nacional Libertario, descart\u00f3 bajar su candidatura presidencial. En Chile Vamos y el Partido Republicano desdramatizaron la participaci\u00f3n de seis candidatos a primera vuelta y aseguraron que sus esfuerzos est\u00e1n en las propuestas de campa\u00f1a. Los sondeos volvieron a poner sobre la mesa [&hellip;]<\/p>\n","protected":false},"author":2,"featured_media":15281,"comment_status":"closed","ping_status":"open","sticky":false,"template":"","format":"standard","meta":{"_jetpack_memberships_contains_paid_content":false,"jnews-multi-image_gallery":[],"jnews_single_post":[],"jnews_primary_category":[],"jnews_social_meta":[],"jnews_paywall_metabox":[],"jnews_review":[],"enable_review":"","type":"","name":"","summary":"","brand":"","sku":"","good":[],"bad":[],"score_override":"","override_value":"","rating":[],"price":[],"jnews_override_counter":[],"jnews_post_split":[],"footnotes":""},"categories":[83],"tags":[],"class_list":["post-15282","post","type-post","status-publish","format-standard","has-post-thumbnail","hentry","category-politica"],"jetpack_featured_media_url":"https:\/\/laserenaradio.cl\/web\/wp-content\/uploads\/2025\/05\/homepiaiextractoscrapimg_webpencuestasPartidoRepublicanoJohannesKaiser_1.webp","jetpack_sharing_enabled":true,"_links":{"self":[{"href":"https:\/\/laserenaradio.cl\/web\/wp-json\/wp\/v2\/posts\/15282","targetHints":{"allow":["GET"]}}],"collection":[{"href":"https:\/\/laserenaradio.cl\/web\/wp-json\/wp\/v2\/posts"}],"about":[{"href":"https:\/\/laserenaradio.cl\/web\/wp-json\/wp\/v2\/types\/post"}],"author":[{"embeddable":true,"href":"https:\/\/laserenaradio.cl\/web\/wp-json\/wp\/v2\/users\/2"}],"replies":[{"embeddable":true,"href":"https:\/\/laserenaradio.cl\/web\/wp-json\/wp\/v2\/comments?post=15282"}],"version-history":[{"count":1,"href":"https:\/\/laserenaradio.cl\/web\/wp-json\/wp\/v2\/posts\/15282\/revisions"}],"predecessor-version":[{"id":15283,"href":"https:\/\/laserenaradio.cl\/web\/wp-json\/wp\/v2\/posts\/15282\/revisions\/15283"}],"wp:featuredmedia":[{"embeddable":true,"href":"https:\/\/laserenaradio.cl\/web\/wp-json\/wp\/v2\/media\/15281"}],"wp:attachment":[{"href":"https:\/\/laserenaradio.cl\/web\/wp-json\/wp\/v2\/media?parent=15282"}],"wp:term":[{"taxonomy":"category","embeddable":true,"href":"https:\/\/laserenaradio.cl\/web\/wp-json\/wp\/v2\/categories?post=15282"},{"taxonomy":"post_tag","embeddable":true,"href":"https:\/\/laserenaradio.cl\/web\/wp-json\/wp\/v2\/tags?post=15282"}],"curies":[{"name":"wp","href":"https:\/\/api.w.org\/{rel}","templated":true}]}}