{"id":15276,"date":"2025-05-13T12:07:15","date_gmt":"2025-05-13T15:07:15","guid":{"rendered":"https:\/\/laserenaradio.cl\/web\/?p=15276"},"modified":"2025-05-13T12:07:15","modified_gmt":"2025-05-13T15:07:15","slug":"ministro-de-justicia-cuestiona-al-frente-amplio-por-criticas-a-fiscalia","status":"publish","type":"post","link":"https:\/\/laserenaradio.cl\/web\/2025\/05\/13\/ministro-de-justicia-cuestiona-al-frente-amplio-por-criticas-a-fiscalia\/","title":{"rendered":"Ministro de Justicia cuestiona al Frente Amplio por cr\u00edticas a Fiscal\u00eda"},"content":{"rendered":"<p>El ministro de Justicia, Jaime Gajardo, reaccion\u00f3 contra cr\u00edticas del Frente Amplio a la <a href=\"https:\/\/www.fiscaliadechile.cl\/\">Fiscal\u00eda<\/a> por un \u201cpinchazo\u201d que permiti\u00f3 interceptar una llamada entre el presidente Gabriel Boric y Josefina Huneeus, exesposa de Alberto Larra\u00edn. Constanza Mart\u00ednez, l\u00edder del Front Amplio, cuestion\u00f3 p\u00fablicamente las acciones del Ministerio P\u00fablico, destacando la \u201cpinchada\u201d telef\u00f3nica de Josefina Huneeus.<\/p>\n<p>Mart\u00ednez sostuvo que el Ministerio P\u00fablico solicita en dos ocasiones al Tribunal de Garant\u00eda pinchar el tel\u00e9fono del Presidente. Asegur\u00f3 que una conversaci\u00f3n privada del jefe de Estado se filtr\u00f3 a la prensa, argumentando que esto podr\u00eda ser resultado de un supuesto \u201cespionaje\u201d. <\/p>\n<p>Gajardo defendi\u00f3 la integridad del Ministerio P\u00fablico y los Tribunales de Justicia, indicando que es grave cuestionar estas instituciones. Subray\u00f3 la importancia de una justicia independiente sin presiones pol\u00edticas. El ministro expres\u00f3 su confianza en el sistema institucional existente, se\u00f1alando que cuenta con mecanismos de contrapeso.<\/p>\n<p>Gajardo desminti\u00f3 que \u00c1ngel Valencia, fiscal nacional, le haya transmitido preocupaciones pol\u00edticas sobre las acusaciones presentadas por los partidos opositores. El secretario de Estado resalt\u00f3 la independencia del Ministerio P\u00fablico y su colaboraci\u00f3n con el Ejecutivo en asuntos legales.<\/p>\n","protected":false},"excerpt":{"rendered":"<p>El ministro de Justicia, Jaime Gajardo, reaccion\u00f3 contra cr\u00edticas del Frente Amplio a la Fiscal\u00eda por un \u201cpinchazo\u201d que permiti\u00f3 interceptar una llamada entre el presidente Gabriel Boric y Josefina Huneeus, exesposa de Alberto Larra\u00edn. Constanza Mart\u00ednez, l\u00edder del Front Amplio, cuestion\u00f3 p\u00fablicamente las acciones del Ministerio P\u00fablico, destacando la \u201cpinchada\u201d telef\u00f3nica de Josefina Huneeus. [&hellip;]<\/p>\n","protected":false},"author":2,"featured_media":15275,"comment_status":"closed","ping_status":"open","sticky":false,"template":"","format":"standard","meta":{"_jetpack_memberships_contains_paid_content":false,"jnews-multi-image_gallery":[],"jnews_single_post":[],"jnews_primary_category":[],"jnews_social_meta":[],"jnews_paywall_metabox":[],"jnews_review":[],"enable_review":"","type":"","name":"","summary":"","brand":"","sku":"","good":[],"bad":[],"score_override":"","override_value":"","rating":[],"price":[],"jnews_override_counter":[],"jnews_post_split":[],"footnotes":""},"categories":[83],"tags":[],"class_list":["post-15276","post","type-post","status-publish","format-standard","has-post-thumbnail","hentry","category-politica"],"jetpack_featured_media_url":"https:\/\/laserenaradio.cl\/web\/wp-content\/uploads\/2025\/05\/homepiaiextractoscrapimg_predeterminadalaserenaradio_politica-16.webp","jetpack_sharing_enabled":true,"_links":{"self":[{"href":"https:\/\/laserenaradio.cl\/web\/wp-json\/wp\/v2\/posts\/15276","targetHints":{"allow":["GET"]}}],"collection":[{"href":"https:\/\/laserenaradio.cl\/web\/wp-json\/wp\/v2\/posts"}],"about":[{"href":"https:\/\/laserenaradio.cl\/web\/wp-json\/wp\/v2\/types\/post"}],"author":[{"embeddable":true,"href":"https:\/\/laserenaradio.cl\/web\/wp-json\/wp\/v2\/users\/2"}],"replies":[{"embeddable":true,"href":"https:\/\/laserenaradio.cl\/web\/wp-json\/wp\/v2\/comments?post=15276"}],"version-history":[{"count":1,"href":"https:\/\/laserenaradio.cl\/web\/wp-json\/wp\/v2\/posts\/15276\/revisions"}],"predecessor-version":[{"id":15277,"href":"https:\/\/laserenaradio.cl\/web\/wp-json\/wp\/v2\/posts\/15276\/revisions\/15277"}],"wp:featuredmedia":[{"embeddable":true,"href":"https:\/\/laserenaradio.cl\/web\/wp-json\/wp\/v2\/media\/15275"}],"wp:attachment":[{"href":"https:\/\/laserenaradio.cl\/web\/wp-json\/wp\/v2\/media?parent=15276"}],"wp:term":[{"taxonomy":"category","embeddable":true,"href":"https:\/\/laserenaradio.cl\/web\/wp-json\/wp\/v2\/categories?post=15276"},{"taxonomy":"post_tag","embeddable":true,"href":"https:\/\/laserenaradio.cl\/web\/wp-json\/wp\/v2\/tags?post=15276"}],"curies":[{"name":"wp","href":"https:\/\/api.w.org\/{rel}","templated":true}]}}