{"id":15273,"date":"2025-05-13T12:05:08","date_gmt":"2025-05-13T15:05:08","guid":{"rendered":"https:\/\/laserenaradio.cl\/web\/?p=15273"},"modified":"2025-05-13T12:05:08","modified_gmt":"2025-05-13T15:05:08","slug":"la-dispersion-de-candidatos-en-chile-vamos-provoca-preocupacion-en-la-derecha","status":"publish","type":"post","link":"https:\/\/laserenaradio.cl\/web\/2025\/05\/13\/la-dispersion-de-candidatos-en-chile-vamos-provoca-preocupacion-en-la-derecha\/","title":{"rendered":"La dispersi\u00f3n de candidatos en Chile Vamos provoca preocupaci\u00f3n en la derecha."},"content":{"rendered":"<p>Los sondeos de opini\u00f3n del pasado fin de semana volvieron a poner sobre la mesa la preocupaci\u00f3n en la derecha, debido a la dispersi\u00f3n de candidatos. Si bien la candidata de Chile Vamos, Evelyn Matthei, sigue liderando y su par del Partido Republicano, Jos\u00e9 Antonio Kast, se posiciona en el segundo lugar, hay quienes cayeron. Por ejemplo, el presidenciable del Partido Nacional Libertario, Johannes Kaiser, ha ca\u00eddo en todos los sondeos.<\/p>\n<p>Pese a ello, su vocero, el diputado Cristian Labb\u00e9, reiter\u00f3 que no se bajar\u00e1 de la carrera presidencial. Otra de las candidatas que no figura en las encuestas es la socialcristiana, Francesca Mu\u00f1oz, quien dijo que no se basar\u00e1 en los sondeos para hacer campa\u00f1a.<\/p>\n<p>Por otra parte, el presidente de Republicanos, Arturo Squella, desdramatiz\u00f3 la divisi\u00f3n y asegur\u00f3 que todos se unir\u00e1n en el balotaje. Por el contrario, el presidente de la UDI, el diputado Guillermo Ram\u00edrez, puso en duda que el panorama de divisi\u00f3n mejore.<\/p>\n<p>Cabe mencionar que a estos candidatos, se suma la carta del PDG, Franco Parisi, y la candidata de Dem\u00f3cratas, Ximena Rinc\u00f3n.<\/p>\n","protected":false},"excerpt":{"rendered":"<p>Los sondeos de opini\u00f3n del pasado fin de semana volvieron a poner sobre la mesa la preocupaci\u00f3n en la derecha, debido a la dispersi\u00f3n de candidatos. Si bien la candidata de Chile Vamos, Evelyn Matthei, sigue liderando y su par del Partido Republicano, Jos\u00e9 Antonio Kast, se posiciona en el segundo lugar, hay quienes cayeron. [&hellip;]<\/p>\n","protected":false},"author":2,"featured_media":15272,"comment_status":"closed","ping_status":"open","sticky":false,"template":"","format":"standard","meta":{"_jetpack_memberships_contains_paid_content":false,"jnews-multi-image_gallery":[],"jnews_single_post":[],"jnews_primary_category":[],"jnews_social_meta":[],"jnews_paywall_metabox":[],"jnews_review":[],"enable_review":"","type":"","name":"","summary":"","brand":"","sku":"","good":[],"bad":[],"score_override":"","override_value":"","rating":[],"price":[],"jnews_override_counter":[],"jnews_post_split":[],"footnotes":""},"categories":[83],"tags":[],"class_list":["post-15273","post","type-post","status-publish","format-standard","has-post-thumbnail","hentry","category-politica"],"jetpack_featured_media_url":"https:\/\/laserenaradio.cl\/web\/wp-content\/uploads\/2025\/05\/homepiaiextractoscrapimg_predeterminadalaserenaradio_politica-15.webp","jetpack_sharing_enabled":true,"_links":{"self":[{"href":"https:\/\/laserenaradio.cl\/web\/wp-json\/wp\/v2\/posts\/15273","targetHints":{"allow":["GET"]}}],"collection":[{"href":"https:\/\/laserenaradio.cl\/web\/wp-json\/wp\/v2\/posts"}],"about":[{"href":"https:\/\/laserenaradio.cl\/web\/wp-json\/wp\/v2\/types\/post"}],"author":[{"embeddable":true,"href":"https:\/\/laserenaradio.cl\/web\/wp-json\/wp\/v2\/users\/2"}],"replies":[{"embeddable":true,"href":"https:\/\/laserenaradio.cl\/web\/wp-json\/wp\/v2\/comments?post=15273"}],"version-history":[{"count":1,"href":"https:\/\/laserenaradio.cl\/web\/wp-json\/wp\/v2\/posts\/15273\/revisions"}],"predecessor-version":[{"id":15274,"href":"https:\/\/laserenaradio.cl\/web\/wp-json\/wp\/v2\/posts\/15273\/revisions\/15274"}],"wp:featuredmedia":[{"embeddable":true,"href":"https:\/\/laserenaradio.cl\/web\/wp-json\/wp\/v2\/media\/15272"}],"wp:attachment":[{"href":"https:\/\/laserenaradio.cl\/web\/wp-json\/wp\/v2\/media?parent=15273"}],"wp:term":[{"taxonomy":"category","embeddable":true,"href":"https:\/\/laserenaradio.cl\/web\/wp-json\/wp\/v2\/categories?post=15273"},{"taxonomy":"post_tag","embeddable":true,"href":"https:\/\/laserenaradio.cl\/web\/wp-json\/wp\/v2\/tags?post=15273"}],"curies":[{"name":"wp","href":"https:\/\/api.w.org\/{rel}","templated":true}]}}