{"id":15264,"date":"2025-05-13T11:56:03","date_gmt":"2025-05-13T14:56:03","guid":{"rendered":"https:\/\/laserenaradio.cl\/web\/?p=15264"},"modified":"2025-05-13T11:56:03","modified_gmt":"2025-05-13T14:56:03","slug":"marco-enriquez-ominami-busca-ser-candidato-presidencial-como-independiente","status":"publish","type":"post","link":"https:\/\/laserenaradio.cl\/web\/2025\/05\/13\/marco-enriquez-ominami-busca-ser-candidato-presidencial-como-independiente\/","title":{"rendered":"Marco Enr\u00edquez-Ominami busca ser candidato presidencial como independiente."},"content":{"rendered":"<p>Presidentes de partidos del oficialismo respondieron a Marco Enr\u00edquez-Ominami, quien acus\u00f3 que no se le permiti\u00f3 ingresar a las primarias del sector y anunci\u00f3 su quinta aventura presidencial como independiente. ME-O buscar\u00e1 recolectar patrocinios para presentarse en la carrera por La Moneda, tras haber participado en elecciones anteriores.<\/p>\n<p>Exdiputado hab\u00eda buscado ser parte de las primarias del oficialismo, pero no logr\u00f3 acuerdo. Presidentes de partidos del sector refutaron acusaciones, instando a sumarse a los esfuerzos del progresismo.<\/p>\n<p>Presidentes de partidos del oficialismo respondieron a Marco Enr\u00edquez-Ominami, quien -tras anunciar su quinta aventura presidencial- acus\u00f3 que no se le permiti\u00f3 ingresar a las primarias del sector. A trav\u00e9s de sus redes sociales, ME-O anunci\u00f3 que buscar\u00e1 recolectar patrocinios para presentarse como candidato independiente en la carrera por llegar a La Moneda.<\/p>\n<p>De esta manera, si consigue los apoyos, concretar\u00e1 en quinta candidatura, tras haber participado en los comicios de 2009, 2013, 2017 y 2021. En los \u00faltimos meses, el exdiputado hab\u00eda insistido en ser parte de las primarias del oficialismo. De hecho, hab\u00eda tenido acercamientos con el Partido Radical.<\/p>\n<p>Sin embargo, en esa tienda termin\u00f3 prevaleciendo la opci\u00f3n de no presentar una carta propia y adherirse a la candidatura de Carolina Toh\u00e1. Pese a ello, tras anunciar que buscar\u00e1 competir como independiente, Ominami acus\u00f3 al oficialismo de no dejarlo \u201centrar a la primaria\u201d.<\/p>\n<p>Esta declaraci\u00f3n fue refutada por el presidente del Partido Comunista, Lautaro Carmona, quien plante\u00f3 que \u201cno es responsabilidad del sector que \u00e9l no haya dado un paso con mayor determinaci\u00f3n\u201d. Por su parte, el timonel del Partido Liberal, Juan Carlos Urz\u00faa, cuestion\u00f3 la decisi\u00f3n de Marco Enr\u00edquez-Ominami, afirmando que \u201cno es el tiempo de los gustos personales\u201d.<\/p>\n<p>En la misma l\u00ednea, plante\u00f3 que esperan que el exdiputado se sume a los esfuerzos del progresismo para impedir que la \u201cultraderecha\u201d gobierne el pa\u00eds. Cabe mencionar que ME-O debe recolectar poco m\u00e1s de 35 mil firmas para formalizar su candidatura ante el Servicio Electoral y, as\u00ed, llegar a la papeleta presidencial de noviembre.<\/p>\n","protected":false},"excerpt":{"rendered":"<p>Presidentes de partidos del oficialismo respondieron a Marco Enr\u00edquez-Ominami, quien acus\u00f3 que no se le permiti\u00f3 ingresar a las primarias del sector y anunci\u00f3 su quinta aventura presidencial como independiente. ME-O buscar\u00e1 recolectar patrocinios para presentarse en la carrera por La Moneda, tras haber participado en elecciones anteriores. Exdiputado hab\u00eda buscado ser parte de las [&hellip;]<\/p>\n","protected":false},"author":2,"featured_media":15263,"comment_status":"closed","ping_status":"open","sticky":false,"template":"","format":"standard","meta":{"_jetpack_memberships_contains_paid_content":false,"jnews-multi-image_gallery":[],"jnews_single_post":[],"jnews_primary_category":[],"jnews_social_meta":[],"jnews_paywall_metabox":[],"jnews_review":[],"enable_review":"","type":"","name":"","summary":"","brand":"","sku":"","good":[],"bad":[],"score_override":"","override_value":"","rating":[],"price":[],"jnews_override_counter":[],"jnews_post_split":[],"footnotes":""},"categories":[83],"tags":[],"class_list":["post-15264","post","type-post","status-publish","format-standard","has-post-thumbnail","hentry","category-politica"],"jetpack_featured_media_url":"https:\/\/laserenaradio.cl\/web\/wp-content\/uploads\/2025\/05\/homepiaiextractoscrapimg_predeterminadalaserenaradio_politica-14.webp","jetpack_sharing_enabled":true,"_links":{"self":[{"href":"https:\/\/laserenaradio.cl\/web\/wp-json\/wp\/v2\/posts\/15264","targetHints":{"allow":["GET"]}}],"collection":[{"href":"https:\/\/laserenaradio.cl\/web\/wp-json\/wp\/v2\/posts"}],"about":[{"href":"https:\/\/laserenaradio.cl\/web\/wp-json\/wp\/v2\/types\/post"}],"author":[{"embeddable":true,"href":"https:\/\/laserenaradio.cl\/web\/wp-json\/wp\/v2\/users\/2"}],"replies":[{"embeddable":true,"href":"https:\/\/laserenaradio.cl\/web\/wp-json\/wp\/v2\/comments?post=15264"}],"version-history":[{"count":1,"href":"https:\/\/laserenaradio.cl\/web\/wp-json\/wp\/v2\/posts\/15264\/revisions"}],"predecessor-version":[{"id":15265,"href":"https:\/\/laserenaradio.cl\/web\/wp-json\/wp\/v2\/posts\/15264\/revisions\/15265"}],"wp:featuredmedia":[{"embeddable":true,"href":"https:\/\/laserenaradio.cl\/web\/wp-json\/wp\/v2\/media\/15263"}],"wp:attachment":[{"href":"https:\/\/laserenaradio.cl\/web\/wp-json\/wp\/v2\/media?parent=15264"}],"wp:term":[{"taxonomy":"category","embeddable":true,"href":"https:\/\/laserenaradio.cl\/web\/wp-json\/wp\/v2\/categories?post=15264"},{"taxonomy":"post_tag","embeddable":true,"href":"https:\/\/laserenaradio.cl\/web\/wp-json\/wp\/v2\/tags?post=15264"}],"curies":[{"name":"wp","href":"https:\/\/api.w.org\/{rel}","templated":true}]}}