{"id":15261,"date":"2025-05-13T11:54:30","date_gmt":"2025-05-13T14:54:30","guid":{"rendered":"https:\/\/laserenaradio.cl\/web\/?p=15261"},"modified":"2025-05-13T11:54:30","modified_gmt":"2025-05-13T14:54:30","slug":"jaime-saez-denuncia-espionaje-politico-contra-gabriel-boric","status":"publish","type":"post","link":"https:\/\/laserenaradio.cl\/web\/2025\/05\/13\/jaime-saez-denuncia-espionaje-politico-contra-gabriel-boric\/","title":{"rendered":"Jaime S\u00e1ez denuncia espionaje pol\u00edtico contra Gabriel Boric."},"content":{"rendered":"<p>El jefe de bancada del Frente Amplio, Jaime S\u00e1ez, acus\u00f3 \u201ccierta intencionalidad\u201d en las filtraciones de causas del fiscal Cooper, a ra\u00edz de los \u00faltimos trascendidos del caso ProCultura. <\/p>\n<p>En conversaci\u00f3n con radio Pauta, el parlamentario parti\u00f3 respaldando el comunicado de su partido, que acus\u00f3 espionaje pol\u00edtico al Presidente Gabriel Boric. No obstante, advirti\u00f3 que \u201cquiz\u00e1s la palabra espionaje es un poco altisonante\u201d.<\/p>\n<p>Tras ello, acus\u00f3 al fiscal regional de Coquimbo de actuar con intencionalidad pol\u00edtica, asegurando que \u201cviene siendo una pr\u00e1ctica sistem\u00e1tica\u201d el filtrar antecedentes, \u201cque se dan de forma selectiva, sin contexto alguno, y que buscan desacreditar a distintas personas o meterlas a todas en una construcci\u00f3n pol\u00edtico-comunicacional\u201d.<\/p>\n<p>Cooper efectivamente ha llevado adelante la pol\u00edtica de filtrar informaci\u00f3n a algunos medios de comunicaci\u00f3n sobre algunas personas, sobre algunos casos, y ha extremado el uso de algunos recursos como interceptar tel\u00e9fonos de personas que no est\u00e1n vinculadas directamente a su indagatoria.<\/p>\n<p>S\u00e1ez tambi\u00e9n se refiri\u00f3 al protagonista del caso, Alberto Larra\u00edn, exdirector ejecutivo de la ONG, se\u00f1alando que \u201cse acerca m\u00e1s a un psic\u00f3pata, a un Rasput\u00edn, que construy\u00f3 una red de poder durante muchos a\u00f1os de manera bastante transversal\u201d.<\/p>\n<p>Asimismo, descart\u00f3 el financiamiento irregular de la campa\u00f1a presidencial de Boric, acusando \u201cuna cierta animadversi\u00f3n pol\u00edtica hacia el sector\u201d. <\/p>\n<p>Nosotros tenemos bastante convicci\u00f3n de que respecto al financiamiento de la campa\u00f1a del actual presidente Gabriel Boric, estuvo todo en regla, est\u00e1 todo en regla y que no ha habido ning\u00fan tipo de financiamiento irregular.<\/p>\n","protected":false},"excerpt":{"rendered":"<p>El jefe de bancada del Frente Amplio, Jaime S\u00e1ez, acus\u00f3 \u201ccierta intencionalidad\u201d en las filtraciones de causas del fiscal Cooper, a ra\u00edz de los \u00faltimos trascendidos del caso ProCultura. En conversaci\u00f3n con radio Pauta, el parlamentario parti\u00f3 respaldando el comunicado de su partido, que acus\u00f3 espionaje pol\u00edtico al Presidente Gabriel Boric. No obstante, advirti\u00f3 que [&hellip;]<\/p>\n","protected":false},"author":2,"featured_media":15260,"comment_status":"closed","ping_status":"open","sticky":false,"template":"","format":"standard","meta":{"_jetpack_memberships_contains_paid_content":false,"jnews-multi-image_gallery":[],"jnews_single_post":[],"jnews_primary_category":[],"jnews_social_meta":[],"jnews_paywall_metabox":[],"jnews_review":[],"enable_review":"","type":"","name":"","summary":"","brand":"","sku":"","good":[],"bad":[],"score_override":"","override_value":"","rating":[],"price":[],"jnews_override_counter":[],"jnews_post_split":[],"footnotes":""},"categories":[83],"tags":[],"class_list":["post-15261","post","type-post","status-publish","format-standard","has-post-thumbnail","hentry","category-politica"],"jetpack_featured_media_url":"https:\/\/laserenaradio.cl\/web\/wp-content\/uploads\/2025\/05\/homepiaiextractoscrapimg_predeterminadalaserenaradio_politica-13.webp","jetpack_sharing_enabled":true,"_links":{"self":[{"href":"https:\/\/laserenaradio.cl\/web\/wp-json\/wp\/v2\/posts\/15261","targetHints":{"allow":["GET"]}}],"collection":[{"href":"https:\/\/laserenaradio.cl\/web\/wp-json\/wp\/v2\/posts"}],"about":[{"href":"https:\/\/laserenaradio.cl\/web\/wp-json\/wp\/v2\/types\/post"}],"author":[{"embeddable":true,"href":"https:\/\/laserenaradio.cl\/web\/wp-json\/wp\/v2\/users\/2"}],"replies":[{"embeddable":true,"href":"https:\/\/laserenaradio.cl\/web\/wp-json\/wp\/v2\/comments?post=15261"}],"version-history":[{"count":1,"href":"https:\/\/laserenaradio.cl\/web\/wp-json\/wp\/v2\/posts\/15261\/revisions"}],"predecessor-version":[{"id":15262,"href":"https:\/\/laserenaradio.cl\/web\/wp-json\/wp\/v2\/posts\/15261\/revisions\/15262"}],"wp:featuredmedia":[{"embeddable":true,"href":"https:\/\/laserenaradio.cl\/web\/wp-json\/wp\/v2\/media\/15260"}],"wp:attachment":[{"href":"https:\/\/laserenaradio.cl\/web\/wp-json\/wp\/v2\/media?parent=15261"}],"wp:term":[{"taxonomy":"category","embeddable":true,"href":"https:\/\/laserenaradio.cl\/web\/wp-json\/wp\/v2\/categories?post=15261"},{"taxonomy":"post_tag","embeddable":true,"href":"https:\/\/laserenaradio.cl\/web\/wp-json\/wp\/v2\/tags?post=15261"}],"curies":[{"name":"wp","href":"https:\/\/api.w.org\/{rel}","templated":true}]}}