{"id":15249,"date":"2025-05-12T19:09:03","date_gmt":"2025-05-12T22:09:03","guid":{"rendered":"https:\/\/laserenaradio.cl\/web\/?p=15249"},"modified":"2025-05-12T19:09:03","modified_gmt":"2025-05-12T22:09:03","slug":"diputada-catalina-perez-cumplira-arresto-domiciliario-por-fraude-al-fisco","status":"publish","type":"post","link":"https:\/\/laserenaradio.cl\/web\/2025\/05\/12\/diputada-catalina-perez-cumplira-arresto-domiciliario-por-fraude-al-fisco\/","title":{"rendered":"Diputada Catalina P\u00e9rez cumplir\u00e1 arresto domiciliario por fraude al fisco."},"content":{"rendered":"<p>Luego que la justicia decretara arresto domiciliario total en su contra, la desaforada diputada Catalina P\u00e9rez entreg\u00f3 una escueta declaraci\u00f3n sobre la medida. &#8220;Cumplir\u00e9 la medida que me ha sido impuesta por el tribunal con la convicci\u00f3n de mi inocencia y espero que esta situaci\u00f3n se resuelva con prontitud porque no he cometido ning\u00fan delito&#8221;, asegur\u00f3 la ex Frente Amplio.<\/p>\n<p>Recordemos que P\u00e9rez est\u00e1 imputada por tres delitos de fraude al fisco en el marco del caso Democracia Viva. En tanto, desde la defensa, el abogado Gonzalo Medina plante\u00f3 que no hay antecedentes concretos que ubiquen a la parlamentaria como participante principal de los hechos, lo que fue desestimado por la justicia.<\/p>\n<p>La diputada cumplir\u00e1 el arresto domiciliario en Santiago, y se autorizaron 48 horas para su traslado. A P\u00e9rez se le acusa de haber intervenido en un convenio por m\u00e1s de 400 millones de pesos, aprobado por la Seremi de Vivienda, bajo la direcci\u00f3n de Carlos Contreras, en beneficio de la fundaci\u00f3n Democracia Viva, encabezada por Daniel Andrade, que no cumpl\u00eda con los requisitos exigidos para su ejecuci\u00f3n.<\/p>\n<p>Cabe mencionar que Contreras, uno de los imputados, fue jefe de gabinete de la parlamentaria antes de asumir como seremi, mientras que Andrade, tambi\u00e9n imputado, era pareja de la legisladora cuando estall\u00f3 el caso.<\/p>\n","protected":false},"excerpt":{"rendered":"<p>Luego que la justicia decretara arresto domiciliario total en su contra, la desaforada diputada Catalina P\u00e9rez entreg\u00f3 una escueta declaraci\u00f3n sobre la medida. &#8220;Cumplir\u00e9 la medida que me ha sido impuesta por el tribunal con la convicci\u00f3n de mi inocencia y espero que esta situaci\u00f3n se resuelva con prontitud porque no he cometido ning\u00fan delito&#8221;, [&hellip;]<\/p>\n","protected":false},"author":2,"featured_media":15248,"comment_status":"closed","ping_status":"open","sticky":false,"template":"","format":"standard","meta":{"_jetpack_memberships_contains_paid_content":false,"jnews-multi-image_gallery":[],"jnews_single_post":[],"jnews_primary_category":[],"jnews_social_meta":[],"jnews_paywall_metabox":[],"jnews_review":[],"enable_review":"","type":"","name":"","summary":"","brand":"","sku":"","good":[],"bad":[],"score_override":"","override_value":"","rating":[],"price":[],"jnews_override_counter":[],"jnews_post_split":[],"footnotes":""},"categories":[83],"tags":[],"class_list":["post-15249","post","type-post","status-publish","format-standard","has-post-thumbnail","hentry","category-politica"],"jetpack_featured_media_url":"https:\/\/laserenaradio.cl\/web\/wp-content\/uploads\/2025\/05\/homepiaiextractoscrapimg_predeterminadalaserenaradio_ultimo_minuto-4.webp","jetpack_sharing_enabled":true,"_links":{"self":[{"href":"https:\/\/laserenaradio.cl\/web\/wp-json\/wp\/v2\/posts\/15249","targetHints":{"allow":["GET"]}}],"collection":[{"href":"https:\/\/laserenaradio.cl\/web\/wp-json\/wp\/v2\/posts"}],"about":[{"href":"https:\/\/laserenaradio.cl\/web\/wp-json\/wp\/v2\/types\/post"}],"author":[{"embeddable":true,"href":"https:\/\/laserenaradio.cl\/web\/wp-json\/wp\/v2\/users\/2"}],"replies":[{"embeddable":true,"href":"https:\/\/laserenaradio.cl\/web\/wp-json\/wp\/v2\/comments?post=15249"}],"version-history":[{"count":1,"href":"https:\/\/laserenaradio.cl\/web\/wp-json\/wp\/v2\/posts\/15249\/revisions"}],"predecessor-version":[{"id":15250,"href":"https:\/\/laserenaradio.cl\/web\/wp-json\/wp\/v2\/posts\/15249\/revisions\/15250"}],"wp:featuredmedia":[{"embeddable":true,"href":"https:\/\/laserenaradio.cl\/web\/wp-json\/wp\/v2\/media\/15248"}],"wp:attachment":[{"href":"https:\/\/laserenaradio.cl\/web\/wp-json\/wp\/v2\/media?parent=15249"}],"wp:term":[{"taxonomy":"category","embeddable":true,"href":"https:\/\/laserenaradio.cl\/web\/wp-json\/wp\/v2\/categories?post=15249"},{"taxonomy":"post_tag","embeddable":true,"href":"https:\/\/laserenaradio.cl\/web\/wp-json\/wp\/v2\/tags?post=15249"}],"curies":[{"name":"wp","href":"https:\/\/api.w.org\/{rel}","templated":true}]}}