{"id":15234,"date":"2025-05-12T16:11:24","date_gmt":"2025-05-12T19:11:24","guid":{"rendered":"https:\/\/laserenaradio.cl\/web\/?p=15234"},"modified":"2025-05-12T16:11:24","modified_gmt":"2025-05-12T19:11:24","slug":"gonzalo-winter-presenta-su-consejo-de-campana-presidencial-del-frente-amplio","status":"publish","type":"post","link":"https:\/\/laserenaradio.cl\/web\/2025\/05\/12\/gonzalo-winter-presenta-su-consejo-de-campana-presidencial-del-frente-amplio\/","title":{"rendered":"Gonzalo Winter presenta su consejo de campa\u00f1a presidencial del Frente Amplio."},"content":{"rendered":"<p>Gonzalo Winter, candidato presidencial del Frente Amplio, present\u00f3 su consejo de campa\u00f1a, reuniendo figuras con experiencia pol\u00edtica, social, estudiantil y territorial. &#8220;Estamos muy contentos porque en estas cuatro semanas se nos ha sumado mucha gente, logrando comandos en todas las regiones y cerca de 200 comunas&#8221;, coment\u00f3 el diputado.<\/p>\n<p>El equipo estar\u00e1 liderado por Gael Yeomans como jefa de campa\u00f1a; Beatriz S\u00e1nchez, coordinadora nacional de despliegue territorial; y Tom\u00e1s Vodanovic, alcalde de Maip\u00fa, como coordinador territorial de la regi\u00f3n Metropolitana. Su Consejo Pol\u00edtico y Social incluir\u00e1 a Roberto Celed\u00f3n, diputado del Maule; Daniela Lav\u00edn, futura ge\u00f3grafa y senadora universitaria; Jorge Arrate, exministro; Doris Gonz\u00e1lez, dirigenta del \u00e1mbito habitacional; y Constanza Mart\u00ednez, presidenta del Frente Amplio.<\/p>\n<p>Vodanovic expres\u00f3: &#8220;Vamos a salir a recorrer distintos barrios y calles con esperanza y alegr\u00eda, escuchando a la ciudadan\u00eda y ofreciendo un proyecto concreto&#8221;. Jorge Arrate agradeci\u00f3 la invitaci\u00f3n, se\u00f1alando su confianza en las nuevas generaciones. Constanza Mart\u00ednez indic\u00f3 que se est\u00e1n convocando personas diversas.<\/p>\n<p>Winter destac\u00f3: &#8220;Hay un proyecto de futuro para dar certeza a aquellos que viven con incertidumbre en Chile&#8221;.<\/p>\n","protected":false},"excerpt":{"rendered":"<p>Gonzalo Winter, candidato presidencial del Frente Amplio, present\u00f3 su consejo de campa\u00f1a, reuniendo figuras con experiencia pol\u00edtica, social, estudiantil y territorial. &#8220;Estamos muy contentos porque en estas cuatro semanas se nos ha sumado mucha gente, logrando comandos en todas las regiones y cerca de 200 comunas&#8221;, coment\u00f3 el diputado. El equipo estar\u00e1 liderado por Gael [&hellip;]<\/p>\n","protected":false},"author":2,"featured_media":15233,"comment_status":"closed","ping_status":"open","sticky":false,"template":"","format":"standard","meta":{"_jetpack_memberships_contains_paid_content":false,"jnews-multi-image_gallery":[],"jnews_single_post":[],"jnews_primary_category":[],"jnews_social_meta":[],"jnews_paywall_metabox":[],"jnews_review":[],"enable_review":"","type":"","name":"","summary":"","brand":"","sku":"","good":[],"bad":[],"score_override":"","override_value":"","rating":[],"price":[],"jnews_override_counter":[],"jnews_post_split":[],"footnotes":""},"categories":[83],"tags":[],"class_list":["post-15234","post","type-post","status-publish","format-standard","has-post-thumbnail","hentry","category-politica"],"jetpack_featured_media_url":"https:\/\/laserenaradio.cl\/web\/wp-content\/uploads\/2025\/05\/homepiaiextractoscrapimg_webpFrenteAmplioterritorialGonzaloWinterpresidencial_0.webp","jetpack_sharing_enabled":true,"_links":{"self":[{"href":"https:\/\/laserenaradio.cl\/web\/wp-json\/wp\/v2\/posts\/15234","targetHints":{"allow":["GET"]}}],"collection":[{"href":"https:\/\/laserenaradio.cl\/web\/wp-json\/wp\/v2\/posts"}],"about":[{"href":"https:\/\/laserenaradio.cl\/web\/wp-json\/wp\/v2\/types\/post"}],"author":[{"embeddable":true,"href":"https:\/\/laserenaradio.cl\/web\/wp-json\/wp\/v2\/users\/2"}],"replies":[{"embeddable":true,"href":"https:\/\/laserenaradio.cl\/web\/wp-json\/wp\/v2\/comments?post=15234"}],"version-history":[{"count":1,"href":"https:\/\/laserenaradio.cl\/web\/wp-json\/wp\/v2\/posts\/15234\/revisions"}],"predecessor-version":[{"id":15235,"href":"https:\/\/laserenaradio.cl\/web\/wp-json\/wp\/v2\/posts\/15234\/revisions\/15235"}],"wp:featuredmedia":[{"embeddable":true,"href":"https:\/\/laserenaradio.cl\/web\/wp-json\/wp\/v2\/media\/15233"}],"wp:attachment":[{"href":"https:\/\/laserenaradio.cl\/web\/wp-json\/wp\/v2\/media?parent=15234"}],"wp:term":[{"taxonomy":"category","embeddable":true,"href":"https:\/\/laserenaradio.cl\/web\/wp-json\/wp\/v2\/categories?post=15234"},{"taxonomy":"post_tag","embeddable":true,"href":"https:\/\/laserenaradio.cl\/web\/wp-json\/wp\/v2\/tags?post=15234"}],"curies":[{"name":"wp","href":"https:\/\/api.w.org\/{rel}","templated":true}]}}