{"id":15225,"date":"2025-05-12T14:35:35","date_gmt":"2025-05-12T17:35:35","guid":{"rendered":"https:\/\/laserenaradio.cl\/web\/?p=15225"},"modified":"2025-05-12T14:35:35","modified_gmt":"2025-05-12T17:35:35","slug":"diputada-catalina-perez-enfrentara-audiencia-por-fraude-al-fisco","status":"publish","type":"post","link":"https:\/\/laserenaradio.cl\/web\/2025\/05\/12\/diputada-catalina-perez-enfrentara-audiencia-por-fraude-al-fisco\/","title":{"rendered":"Diputada Catalina P\u00e9rez enfrentar\u00e1 audiencia por fraude al fisco"},"content":{"rendered":"<p>La diputada Catalina P\u00e9rez enfrentar\u00e1 audiencia de formalizaci\u00f3n por tres delitos de fraude al fisco en el caso Democracia Viva, donde se vincula a convenios millonarios entre la Seremi de Vivienda de Antofagasta y la fundaci\u00f3n Democracia Viva, liderada por su expareja Daniel Andrade.<\/p>\n<p>Se le acusa de intervenir en acuerdos que no cumpl\u00edan requisitos, sumando as\u00ed su cuarta formalizaci\u00f3n en este caso. Querellantes piden prisi\u00f3n preventiva argumentando su implicaci\u00f3n, mientras su defensa sostiene que no tuvo injerencia en la gesti\u00f3n de la fundaci\u00f3n.<\/p>\n<p>La ma\u00f1ana de este lunes, se llevar\u00e1 a cabo la audiencia de formalizaci\u00f3n contra la diputada Catalina P\u00e9rez, acusada por tres delitos de fraude al fisco, todos en el marco del caso Democracia Viva. Esto, despu\u00e9s que en 2023 se revelara un millonario convenio entre la Seremi de Vivienda de Antofagasta y la fundaci\u00f3n Democracia Viva, donde hubo participaci\u00f3n activa tanto de quien estaba a cargo de la Seremi, Carlos Contreras, y el l\u00edder de la fundaci\u00f3n, Daniel Andrade.<\/p>\n<p>Cabe mencionar que Contreras, uno de los imputados, fue jefe de gabinete de la parlamentaria antes de asumir como seremi, mientras que Andrade, tambi\u00e9n imputado, era pareja de P\u00e9rez cuando estall\u00f3 el caso. A la diputada P\u00e9rez se le acusa de haber intervenido en un convenio por m\u00e1s de 400 millones de pesos, aprobado por la Seremi de Vivienda, bajo la direcci\u00f3n de Contreras, en beneficio de la fundaci\u00f3n Democracia Viva, encabezada por Andrade, que no cumpl\u00eda con los requisitos exigidos para su ejecuci\u00f3n.<\/p>\n<p>En total, son tres los convenios suscritos en 2022 que vinculan directamente a la parlamentaria con los dos imputados en esta causa. De esta manera, la diputada ser\u00e1 la cuarta formalizada en el marco del caso Democracia Viva. Antes de ella, se sentaron en el banquillo de los acusados Carlos Contreras, Daniel Andrade y Paz Fuica, exconcejala de Antofagasta y perteneciente al Frente Amplio. Todos ellos estuvieron en prisi\u00f3n preventiva.<\/p>\n<p>En medio de este escenario, Pablo Toloza, abogado de la UDI y querellante en esta causa, sostuvo que solicitaran la medida cautelar m\u00e1s gravosa del sistema procesal penal contra la diputada P\u00e9rez, debido a la implicancia que ha tenido en el caso. Por su parte, Daniel Martorell, consejero del Consejo de Defensa del Estado (CDE), querellantes en este caso, sostuvo que la parlamentaria tuvo conocimiento de los convenios antes de que fueran firmados.<\/p>\n<p>El abogado defensor de la diputada, Gonzalo Medina, se\u00f1al\u00f3 que la medida cautelar de prisi\u00f3n preventiva es excesiva, debido a que los antecedentes apuntan a que Catalina P\u00e9rez no tuvo intervenci\u00f3n en la gesti\u00f3n de la fundaci\u00f3n. As\u00ed, es muy probable que gran parte de los querellantes pidan la medida cautelar m\u00e1s gravosa para parlamentaria. Esto, ya que el Consejo de Defensa del Estado no quiso adelantar las cautelares debido a que ellos la consideran c\u00f3mplice y no autora como lo hace la fiscal\u00eda y tambi\u00e9n el resto de los intervinientes.<\/p>\n<p>Por otro lado, cabe recordar que el pasado 7 de abril, la diputada P\u00e9rez fue desaforada por el Pleno de la Corte Suprema de forma un\u00e1nime.<\/p>\n","protected":false},"excerpt":{"rendered":"<p>La diputada Catalina P\u00e9rez enfrentar\u00e1 audiencia de formalizaci\u00f3n por tres delitos de fraude al fisco en el caso Democracia Viva, donde se vincula a convenios millonarios entre la Seremi de Vivienda de Antofagasta y la fundaci\u00f3n Democracia Viva, liderada por su expareja Daniel Andrade. Se le acusa de intervenir en acuerdos que no cumpl\u00edan requisitos, [&hellip;]<\/p>\n","protected":false},"author":2,"featured_media":15224,"comment_status":"closed","ping_status":"open","sticky":false,"template":"","format":"standard","meta":{"_jetpack_memberships_contains_paid_content":false,"jnews-multi-image_gallery":[],"jnews_single_post":[],"jnews_primary_category":[],"jnews_social_meta":[],"jnews_paywall_metabox":[],"jnews_review":[],"enable_review":"","type":"","name":"","summary":"","brand":"","sku":"","good":[],"bad":[],"score_override":"","override_value":"","rating":[],"price":[],"jnews_override_counter":[],"jnews_post_split":[],"footnotes":""},"categories":[83],"tags":[],"class_list":["post-15225","post","type-post","status-publish","format-standard","has-post-thumbnail","hentry","category-politica"],"jetpack_featured_media_url":"https:\/\/laserenaradio.cl\/web\/wp-content\/uploads\/2025\/05\/homepiaiextractoscrapimg_webpDiputadaCatalina_1.webp","jetpack_sharing_enabled":true,"_links":{"self":[{"href":"https:\/\/laserenaradio.cl\/web\/wp-json\/wp\/v2\/posts\/15225","targetHints":{"allow":["GET"]}}],"collection":[{"href":"https:\/\/laserenaradio.cl\/web\/wp-json\/wp\/v2\/posts"}],"about":[{"href":"https:\/\/laserenaradio.cl\/web\/wp-json\/wp\/v2\/types\/post"}],"author":[{"embeddable":true,"href":"https:\/\/laserenaradio.cl\/web\/wp-json\/wp\/v2\/users\/2"}],"replies":[{"embeddable":true,"href":"https:\/\/laserenaradio.cl\/web\/wp-json\/wp\/v2\/comments?post=15225"}],"version-history":[{"count":1,"href":"https:\/\/laserenaradio.cl\/web\/wp-json\/wp\/v2\/posts\/15225\/revisions"}],"predecessor-version":[{"id":15226,"href":"https:\/\/laserenaradio.cl\/web\/wp-json\/wp\/v2\/posts\/15225\/revisions\/15226"}],"wp:featuredmedia":[{"embeddable":true,"href":"https:\/\/laserenaradio.cl\/web\/wp-json\/wp\/v2\/media\/15224"}],"wp:attachment":[{"href":"https:\/\/laserenaradio.cl\/web\/wp-json\/wp\/v2\/media?parent=15225"}],"wp:term":[{"taxonomy":"category","embeddable":true,"href":"https:\/\/laserenaradio.cl\/web\/wp-json\/wp\/v2\/categories?post=15225"},{"taxonomy":"post_tag","embeddable":true,"href":"https:\/\/laserenaradio.cl\/web\/wp-json\/wp\/v2\/tags?post=15225"}],"curies":[{"name":"wp","href":"https:\/\/api.w.org\/{rel}","templated":true}]}}