{"id":15222,"date":"2025-05-12T14:22:21","date_gmt":"2025-05-12T17:22:21","guid":{"rendered":"https:\/\/laserenaradio.cl\/web\/?p=15222"},"modified":"2025-05-12T14:22:21","modified_gmt":"2025-05-12T17:22:21","slug":"la-desaprobacion-a-gabriel-boric-supera-el-70","status":"publish","type":"post","link":"https:\/\/laserenaradio.cl\/web\/2025\/05\/12\/la-desaprobacion-a-gabriel-boric-supera-el-70\/","title":{"rendered":"La desaprobaci\u00f3n a Gabriel Boric supera el 70%."},"content":{"rendered":"<p>La desaprobaci\u00f3n al gobierno de Gabriel Boric aument\u00f3 a 70%, alcanzando el nivel m\u00e1s bajo desde su elecci\u00f3n, conforme a los resultados de la Encuesta de Plaza P\u00fablica Cadem de mayo. Esta disminuci\u00f3n coincide con acontecimientos recientes como el asesinato de tres carabineros en Ca\u00f1ete y la controversia por los indultos.<\/p>\n<p>La popularidad del presidente Boric baj\u00f3 a 27%, una reducci\u00f3n de 4 puntos porcentuales.<\/p>\n<p>En cuanto a las intenciones de voto, Evelyn Matthei mantiene la primera posici\u00f3n con 20% (-2pts). Jos\u00e9 Antonio Kast ocupa el segundo lugar con un 14% (+1pt), seguido de Carolina Toh\u00e1 a 12% (+1pt). Johannes Kaiser cay\u00f3 a 6% (-4pts) mientras que Gonzalo Winter y Jeannette Jara mantienen 6% y 4% respectivamente. Un 5% menciona otros candidatos, con el resto indicando no saber o no responder.<\/p>\n<p>En escenarios de segunda vuelta, Matthei se impone en todas las hip\u00f3tesis, superando a Kast por 14 puntos (44% vs 30%), a Toh\u00e1 por 26 puntos (53% vs 27%), a Kaiser por 27 puntos (48% vs 21%) y a Jara por 30 puntos (54% vs 24%). Winter cae a 32 puntos frente a Matthei (55% vs 23%).<\/p>\n<p>Adem\u00e1s, la encuesta Cadem revela que 42% considera que la Comisi\u00f3n por la Paz tendr\u00e1 poco o nada de efecto en el conflicto mapuche. Sin embargo, un mayor n\u00famero, del 32%, cree que ser\u00e1 beneficioso.<\/p>\n<p>Por otro lado, 51% de los encuestados apoya la resoluci\u00f3n del conflicto mediante di\u00e1logo pol\u00edtico y las recomendaciones de la Comisi\u00f3n por la Paz, mientras que 22% prefiere el uso de las Fuerzas Armadas y 21%, la justicia y polic\u00edas.<\/p>\n","protected":false},"excerpt":{"rendered":"<p>La desaprobaci\u00f3n al gobierno de Gabriel Boric aument\u00f3 a 70%, alcanzando el nivel m\u00e1s bajo desde su elecci\u00f3n, conforme a los resultados de la Encuesta de Plaza P\u00fablica Cadem de mayo. Esta disminuci\u00f3n coincide con acontecimientos recientes como el asesinato de tres carabineros en Ca\u00f1ete y la controversia por los indultos. La popularidad del presidente [&hellip;]<\/p>\n","protected":false},"author":2,"featured_media":15221,"comment_status":"closed","ping_status":"open","sticky":false,"template":"","format":"standard","meta":{"_jetpack_memberships_contains_paid_content":false,"jnews-multi-image_gallery":[],"jnews_single_post":[],"jnews_primary_category":[],"jnews_social_meta":[],"jnews_paywall_metabox":[],"jnews_review":[],"enable_review":"","type":"","name":"","summary":"","brand":"","sku":"","good":[],"bad":[],"score_override":"","override_value":"","rating":[],"price":[],"jnews_override_counter":[],"jnews_post_split":[],"footnotes":""},"categories":[83],"tags":[],"class_list":["post-15222","post","type-post","status-publish","format-standard","has-post-thumbnail","hentry","category-politica"],"jetpack_featured_media_url":"https:\/\/laserenaradio.cl\/web\/wp-content\/uploads\/2025\/05\/homepiaiextractoscrapimg_webppuntosvsGabrielBoricCadem_1.webp","jetpack_sharing_enabled":true,"_links":{"self":[{"href":"https:\/\/laserenaradio.cl\/web\/wp-json\/wp\/v2\/posts\/15222","targetHints":{"allow":["GET"]}}],"collection":[{"href":"https:\/\/laserenaradio.cl\/web\/wp-json\/wp\/v2\/posts"}],"about":[{"href":"https:\/\/laserenaradio.cl\/web\/wp-json\/wp\/v2\/types\/post"}],"author":[{"embeddable":true,"href":"https:\/\/laserenaradio.cl\/web\/wp-json\/wp\/v2\/users\/2"}],"replies":[{"embeddable":true,"href":"https:\/\/laserenaradio.cl\/web\/wp-json\/wp\/v2\/comments?post=15222"}],"version-history":[{"count":1,"href":"https:\/\/laserenaradio.cl\/web\/wp-json\/wp\/v2\/posts\/15222\/revisions"}],"predecessor-version":[{"id":15223,"href":"https:\/\/laserenaradio.cl\/web\/wp-json\/wp\/v2\/posts\/15222\/revisions\/15223"}],"wp:featuredmedia":[{"embeddable":true,"href":"https:\/\/laserenaradio.cl\/web\/wp-json\/wp\/v2\/media\/15221"}],"wp:attachment":[{"href":"https:\/\/laserenaradio.cl\/web\/wp-json\/wp\/v2\/media?parent=15222"}],"wp:term":[{"taxonomy":"category","embeddable":true,"href":"https:\/\/laserenaradio.cl\/web\/wp-json\/wp\/v2\/categories?post=15222"},{"taxonomy":"post_tag","embeddable":true,"href":"https:\/\/laserenaradio.cl\/web\/wp-json\/wp\/v2\/tags?post=15222"}],"curies":[{"name":"wp","href":"https:\/\/api.w.org\/{rel}","templated":true}]}}