{"id":15219,"date":"2025-05-12T14:16:56","date_gmt":"2025-05-12T17:16:56","guid":{"rendered":"https:\/\/laserenaradio.cl\/web\/?p=15219"},"modified":"2025-05-12T14:16:56","modified_gmt":"2025-05-12T17:16:56","slug":"boric-aborda-filtraciones-sobre-procultura-durante-visita-a-japon","status":"publish","type":"post","link":"https:\/\/laserenaradio.cl\/web\/2025\/05\/12\/boric-aborda-filtraciones-sobre-procultura-durante-visita-a-japon\/","title":{"rendered":"Boric aborda filtraciones sobre ProCultura durante visita a Jap\u00f3n."},"content":{"rendered":"<p>El presidente Gabriel Boric, durante su visita oficial a Jap\u00f3n, se refiri\u00f3 por primera vez al caso ProCultura. Esto ocurre tras la revelaci\u00f3n de una interceptaci\u00f3n telef\u00f3nica que involucra al mandatario y una psiquiatra, Josefina Huneeus. Boric no figura como imputado ni testigo en la investigaci\u00f3n liderada por el fiscal Patricio Cooper, pero se divulg\u00f3 una conversaci\u00f3n privada entre ambos.<\/p>\n<p>El caso ProCultura forma parte del &#8220;Caso Convenios&#8221;, una investigaci\u00f3n que implica fundaciones que recibieron fondos p\u00fablicos de manera irregular. Las peticiones para interceptar las llamadas telef\u00f3nicas del presidente generaron cuestionamientos pol\u00edticos y cr\u00edticas del oficialismo.<\/p>\n<p>Desde Osaka, en el marco de la Expo Mundial 2025, Boric afirm\u00f3 estar tranquilo y reafirm\u00f3 su compromiso con la institucionalidad. &#8220;Yo tengo una absoluta tranquilidad respecto a todo lo que he hecho&#8221;, declar\u00f3. Adem\u00e1s, reiter\u00f3 su postura de no ejercer presi\u00f3n sobre las instituciones y actuar siempre de manera correcta.<\/p>\n<p>Otra fundaci\u00f3n mencionada en la causa es Democracia Viva, junto con ProCultura.<\/p>\n","protected":false},"excerpt":{"rendered":"<p>El presidente Gabriel Boric, durante su visita oficial a Jap\u00f3n, se refiri\u00f3 por primera vez al caso ProCultura. Esto ocurre tras la revelaci\u00f3n de una interceptaci\u00f3n telef\u00f3nica que involucra al mandatario y una psiquiatra, Josefina Huneeus. Boric no figura como imputado ni testigo en la investigaci\u00f3n liderada por el fiscal Patricio Cooper, pero se divulg\u00f3 [&hellip;]<\/p>\n","protected":false},"author":2,"featured_media":15218,"comment_status":"closed","ping_status":"open","sticky":false,"template":"","format":"standard","meta":{"_jetpack_memberships_contains_paid_content":false,"jnews-multi-image_gallery":[],"jnews_single_post":[],"jnews_primary_category":[],"jnews_social_meta":[],"jnews_paywall_metabox":[],"jnews_review":[],"enable_review":"","type":"","name":"","summary":"","brand":"","sku":"","good":[],"bad":[],"score_override":"","override_value":"","rating":[],"price":[],"jnews_override_counter":[],"jnews_post_split":[],"footnotes":""},"categories":[83],"tags":[],"class_list":["post-15219","post","type-post","status-publish","format-standard","has-post-thumbnail","hentry","category-politica"],"jetpack_featured_media_url":"https:\/\/laserenaradio.cl\/web\/wp-content\/uploads\/2025\/05\/homepiaiextractoscrapimg_webpBoricpresidentedurantevisita_0.webp","jetpack_sharing_enabled":true,"_links":{"self":[{"href":"https:\/\/laserenaradio.cl\/web\/wp-json\/wp\/v2\/posts\/15219","targetHints":{"allow":["GET"]}}],"collection":[{"href":"https:\/\/laserenaradio.cl\/web\/wp-json\/wp\/v2\/posts"}],"about":[{"href":"https:\/\/laserenaradio.cl\/web\/wp-json\/wp\/v2\/types\/post"}],"author":[{"embeddable":true,"href":"https:\/\/laserenaradio.cl\/web\/wp-json\/wp\/v2\/users\/2"}],"replies":[{"embeddable":true,"href":"https:\/\/laserenaradio.cl\/web\/wp-json\/wp\/v2\/comments?post=15219"}],"version-history":[{"count":1,"href":"https:\/\/laserenaradio.cl\/web\/wp-json\/wp\/v2\/posts\/15219\/revisions"}],"predecessor-version":[{"id":15220,"href":"https:\/\/laserenaradio.cl\/web\/wp-json\/wp\/v2\/posts\/15219\/revisions\/15220"}],"wp:featuredmedia":[{"embeddable":true,"href":"https:\/\/laserenaradio.cl\/web\/wp-json\/wp\/v2\/media\/15218"}],"wp:attachment":[{"href":"https:\/\/laserenaradio.cl\/web\/wp-json\/wp\/v2\/media?parent=15219"}],"wp:term":[{"taxonomy":"category","embeddable":true,"href":"https:\/\/laserenaradio.cl\/web\/wp-json\/wp\/v2\/categories?post=15219"},{"taxonomy":"post_tag","embeddable":true,"href":"https:\/\/laserenaradio.cl\/web\/wp-json\/wp\/v2\/tags?post=15219"}],"curies":[{"name":"wp","href":"https:\/\/api.w.org\/{rel}","templated":true}]}}