{"id":15194,"date":"2025-05-11T22:19:36","date_gmt":"2025-05-12T01:19:36","guid":{"rendered":"https:\/\/laserenaradio.cl\/web\/?p=15194"},"modified":"2025-05-11T22:19:36","modified_gmt":"2025-05-12T01:19:36","slug":"kast-insta-al-presidente-a-regresar-de-gira-por-japon-y-china-para-enfrentar-investigacion-judicial","status":"publish","type":"post","link":"https:\/\/laserenaradio.cl\/web\/2025\/05\/11\/kast-insta-al-presidente-a-regresar-de-gira-por-japon-y-china-para-enfrentar-investigacion-judicial\/","title":{"rendered":"Kast insta al Presidente a regresar de gira por Jap\u00f3n y China para enfrentar investigaci\u00f3n judicial."},"content":{"rendered":"<p>Este domingo en el programa Mesa Central de T13, Jos\u00e9 Antonio Kast, candidato presidencial del Partido Republicano, inst\u00f3 al Presidente Gabriel Boric a regresar de su gira por Jap\u00f3n y China para ponerse a disposici\u00f3n de la <a href=\"https:\/\/www.fiscaliadechile.cl\/\">Fiscal\u00eda<\/a> en el caso ProCultura.<\/p>\n<p>Kast hizo esta petici\u00f3n luego de que se revelara una conversaci\u00f3n entre el presidente y Josefina Huneeus, exesposa del fundador de la fundaci\u00f3n, donde se menciona a Alberto Larra\u00edn como posible ministro. Seg\u00fan Kast, esto &#8220;ha sucedido es muy grave&#8221; y pone en riesgo la honorabilidad y seguridad del pa\u00eds.<\/p>\n<p>A juicio del candidato republicano, la presencia de Boric en una gira internacional durante estos eventos &#8220;pone en riesgo la honorabilidad y seguridad de nuestro pa\u00eds&#8221;. Insisti\u00f3 que el Presidente deber\u00eda volver a Chile para sentarse con el presidente chino, ya que &#8220;es un sujeto de inter\u00e9s&#8221;.<\/p>\n<p>Sobre posibles acusaciones constitucionales, Kast se\u00f1al\u00f3 que est\u00e1n &#8220;mirando con atenci\u00f3n&#8221; esta situaci\u00f3n, sugiriendo que la resoluci\u00f3n corresponde a la C\u00e1mara de Diputados si no hay nada que esconder. \u00c9l pidi\u00f3 que Boric entregue los celulares y enfatiz\u00f3 la urgencia de una se\u00f1al positiva del presidente.<\/p>\n<p>En relaci\u00f3n a la Comisi\u00f3n para la Paz y el Entendimiento, Kast critic\u00f3 que &#8220;eligieron mal el concepto&#8221; al tratar de hacer un acuerdo de paz sin contraparte. Seg\u00fan \u00e9l, en esta comisi\u00f3n &#8220;hay terrorismo al frente&#8221;. Mencion\u00f3 que el \u00fanico informe que ha envejecido bien es el de Eduardo Frei del a\u00f1o 1999.<\/p>\n<p>Kast propuso una soluci\u00f3n para la Araucan\u00eda: &#8220;decir la verdad: no hay paz si sigue habiendo terrorismo&#8221; y sugiri\u00f3 un &#8220;estado de sitio acotado&#8221;. Adem\u00e1s, critic\u00f3 que el informe entregado al Presidente dedica mucho tiempo a las tierras, sugiriendo que lo m\u00e1s importante para los mapuches es demanda de infraestructura y servicios.<\/p>\n","protected":false},"excerpt":{"rendered":"<p>Este domingo en el programa Mesa Central de T13, Jos\u00e9 Antonio Kast, candidato presidencial del Partido Republicano, inst\u00f3 al Presidente Gabriel Boric a regresar de su gira por Jap\u00f3n y China para ponerse a disposici\u00f3n de la Fiscal\u00eda en el caso ProCultura. Kast hizo esta petici\u00f3n luego de que se revelara una conversaci\u00f3n entre el [&hellip;]<\/p>\n","protected":false},"author":2,"featured_media":15193,"comment_status":"closed","ping_status":"open","sticky":false,"template":"","format":"standard","meta":{"_jetpack_memberships_contains_paid_content":false,"jnews-multi-image_gallery":[],"jnews_single_post":[],"jnews_primary_category":[],"jnews_social_meta":[],"jnews_paywall_metabox":[],"jnews_review":[],"enable_review":"","type":"","name":"","summary":"","brand":"","sku":"","good":[],"bad":[],"score_override":"","override_value":"","rating":[],"price":[],"jnews_override_counter":[],"jnews_post_split":[],"footnotes":""},"categories":[83],"tags":[],"class_list":["post-15194","post","type-post","status-publish","format-standard","has-post-thumbnail","hentry","category-politica"],"jetpack_featured_media_url":"https:\/\/laserenaradio.cl\/web\/wp-content\/uploads\/2025\/05\/homepiaiextractoscrapimg_webpKastPresidente_1.webp","jetpack_sharing_enabled":true,"_links":{"self":[{"href":"https:\/\/laserenaradio.cl\/web\/wp-json\/wp\/v2\/posts\/15194","targetHints":{"allow":["GET"]}}],"collection":[{"href":"https:\/\/laserenaradio.cl\/web\/wp-json\/wp\/v2\/posts"}],"about":[{"href":"https:\/\/laserenaradio.cl\/web\/wp-json\/wp\/v2\/types\/post"}],"author":[{"embeddable":true,"href":"https:\/\/laserenaradio.cl\/web\/wp-json\/wp\/v2\/users\/2"}],"replies":[{"embeddable":true,"href":"https:\/\/laserenaradio.cl\/web\/wp-json\/wp\/v2\/comments?post=15194"}],"version-history":[{"count":1,"href":"https:\/\/laserenaradio.cl\/web\/wp-json\/wp\/v2\/posts\/15194\/revisions"}],"predecessor-version":[{"id":15195,"href":"https:\/\/laserenaradio.cl\/web\/wp-json\/wp\/v2\/posts\/15194\/revisions\/15195"}],"wp:featuredmedia":[{"embeddable":true,"href":"https:\/\/laserenaradio.cl\/web\/wp-json\/wp\/v2\/media\/15193"}],"wp:attachment":[{"href":"https:\/\/laserenaradio.cl\/web\/wp-json\/wp\/v2\/media?parent=15194"}],"wp:term":[{"taxonomy":"category","embeddable":true,"href":"https:\/\/laserenaradio.cl\/web\/wp-json\/wp\/v2\/categories?post=15194"},{"taxonomy":"post_tag","embeddable":true,"href":"https:\/\/laserenaradio.cl\/web\/wp-json\/wp\/v2\/tags?post=15194"}],"curies":[{"name":"wp","href":"https:\/\/api.w.org\/{rel}","templated":true}]}}