{"id":15185,"date":"2025-05-11T22:14:29","date_gmt":"2025-05-12T01:14:29","guid":{"rendered":"https:\/\/laserenaradio.cl\/web\/?p=15185"},"modified":"2025-05-11T22:14:29","modified_gmt":"2025-05-12T01:14:29","slug":"la-candidatura-presidencial-de-johannes-kaiser-continua-deteriorandose","status":"publish","type":"post","link":"https:\/\/laserenaradio.cl\/web\/2025\/05\/11\/la-candidatura-presidencial-de-johannes-kaiser-continua-deteriorandose\/","title":{"rendered":"La candidatura presidencial de Johannes Kaiser contin\u00faa deterior\u00e1ndose."},"content":{"rendered":"<p>La candidatura presidencial de Johannes Kaiser est\u00e1 en declive seg\u00fan muestra la \u00faltima encuesta Plaza P\u00fablica de Cadem. En ella, el l\u00edder del Partido Nacional Libertario (PNL) obtuvo solo un 6% de las menciones espont\u00e1neas, situ\u00e1ndose en cuarto lugar. Durante menos de un mes, su popularidad cay\u00f3 dr\u00e1sticamente, retrocediendo 9 puntos porcentuales desde el 15% registrado en la encuesta del 13 de abril hasta el actual 6%, seg\u00fan la encuesta publicada este domingo 9 de mayo.<\/p>\n<p>En contraste, Carolina Toh\u00e1, abanderada del Partido por la Democracia (P<a href=\"https:\/\/www.pdichile.cl\/\">PDI<\/a>), ha experimentado un alza significativa, subiendo 8 puntos porcentuales y consolid\u00e1ndose en el tercer lugar. La exministra ahora acumula el 12% de las preferencias, un punto m\u00e1s que la semana anterior.<\/p>\n<p>S\u00f3lida en la primera posici\u00f3n, Evelyn Matthei mantiene el 20% de las menciones (con una ligera disminuci\u00f3n de 2 puntos porcentuales respecto a la semana pasada). Por \u00faltimo, Gonzalo Winter, candidato que representa la continuidad del gobierno actual, ocupa junto con Kaiser el cuarto lugar con un 6%.<\/p>\n","protected":false},"excerpt":{"rendered":"<p>La candidatura presidencial de Johannes Kaiser est\u00e1 en declive seg\u00fan muestra la \u00faltima encuesta Plaza P\u00fablica de Cadem. En ella, el l\u00edder del Partido Nacional Libertario (PNL) obtuvo solo un 6% de las menciones espont\u00e1neas, situ\u00e1ndose en cuarto lugar. Durante menos de un mes, su popularidad cay\u00f3 dr\u00e1sticamente, retrocediendo 9 puntos porcentuales desde el 15% [&hellip;]<\/p>\n","protected":false},"author":2,"featured_media":15184,"comment_status":"closed","ping_status":"open","sticky":false,"template":"","format":"standard","meta":{"_jetpack_memberships_contains_paid_content":false,"jnews-multi-image_gallery":[],"jnews_single_post":[],"jnews_primary_category":[],"jnews_social_meta":[],"jnews_paywall_metabox":[],"jnews_review":[],"enable_review":"","type":"","name":"","summary":"","brand":"","sku":"","good":[],"bad":[],"score_override":"","override_value":"","rating":[],"price":[],"jnews_override_counter":[],"jnews_post_split":[],"footnotes":""},"categories":[83],"tags":[],"class_list":["post-15185","post","type-post","status-publish","format-standard","has-post-thumbnail","hentry","category-politica"],"jetpack_featured_media_url":"https:\/\/laserenaradio.cl\/web\/wp-content\/uploads\/2025\/05\/homepiaiextractoscrapimg_predeterminadalaserenaradio_politica-12.webp","jetpack_sharing_enabled":true,"_links":{"self":[{"href":"https:\/\/laserenaradio.cl\/web\/wp-json\/wp\/v2\/posts\/15185","targetHints":{"allow":["GET"]}}],"collection":[{"href":"https:\/\/laserenaradio.cl\/web\/wp-json\/wp\/v2\/posts"}],"about":[{"href":"https:\/\/laserenaradio.cl\/web\/wp-json\/wp\/v2\/types\/post"}],"author":[{"embeddable":true,"href":"https:\/\/laserenaradio.cl\/web\/wp-json\/wp\/v2\/users\/2"}],"replies":[{"embeddable":true,"href":"https:\/\/laserenaradio.cl\/web\/wp-json\/wp\/v2\/comments?post=15185"}],"version-history":[{"count":1,"href":"https:\/\/laserenaradio.cl\/web\/wp-json\/wp\/v2\/posts\/15185\/revisions"}],"predecessor-version":[{"id":15186,"href":"https:\/\/laserenaradio.cl\/web\/wp-json\/wp\/v2\/posts\/15185\/revisions\/15186"}],"wp:featuredmedia":[{"embeddable":true,"href":"https:\/\/laserenaradio.cl\/web\/wp-json\/wp\/v2\/media\/15184"}],"wp:attachment":[{"href":"https:\/\/laserenaradio.cl\/web\/wp-json\/wp\/v2\/media?parent=15185"}],"wp:term":[{"taxonomy":"category","embeddable":true,"href":"https:\/\/laserenaradio.cl\/web\/wp-json\/wp\/v2\/categories?post=15185"},{"taxonomy":"post_tag","embeddable":true,"href":"https:\/\/laserenaradio.cl\/web\/wp-json\/wp\/v2\/tags?post=15185"}],"curies":[{"name":"wp","href":"https:\/\/api.w.org\/{rel}","templated":true}]}}