{"id":15130,"date":"2025-05-10T19:29:52","date_gmt":"2025-05-10T22:29:52","guid":{"rendered":"https:\/\/laserenaradio.cl\/web\/?p=15130"},"modified":"2025-05-10T19:29:52","modified_gmt":"2025-05-10T22:29:52","slug":"el-frente-amplio-se-declara-victima-de-espionaje-judicial","status":"publish","type":"post","link":"https:\/\/laserenaradio.cl\/web\/2025\/05\/10\/el-frente-amplio-se-declara-victima-de-espionaje-judicial\/","title":{"rendered":"El Frente Amplio se declara v\u00edctima de espionaje judicial"},"content":{"rendered":"<p>El Frente Amplio (FA) sali\u00f3 al paso por la intervenci\u00f3n telef\u00f3nica del presidente Gabriel Boric y otras escuchas en el marco de la indagatoria por el caso ProCultura, descartando v\u00ednculos financieros con la fundaci\u00f3n investigada. Mediante un comunicado, el partido del mandatario tambi\u00e9n apunt\u00f3 al fiscal regional Patricio Cooper, acus\u00e1ndolo de replicar una estrategia judicial y desprestigiar al Presidente, adem\u00e1s de practicar espionaje.<\/p>\n<p>Respecto al descarte sobre un v\u00ednculo financiero, el FA remarc\u00f3 que &#8220;todas las cuentas partidarias y de campa\u00f1a han sido debidamente revisadas y aprobadas por el Servel. La informaci\u00f3n ah\u00ed contenida es de car\u00e1cter p\u00fablico, por tanto, lo difundido tiene como finalidad instalar la sospecha s\u00f3lo en base a la existencia de v\u00ednculos personales y conversaciones informales&#8221;.<\/p>\n<p>Sobre las escuchas relacionadas con el Presidente de la Rep\u00fablica, quien es militante del Frente Amplio, se lanz\u00f3 un dardo al persecutor de la causa. Seg\u00fan el FA, la &#8220;estrategia judicial&#8221; de Cooper busca &#8220;generar dudas infundadas sobre una causa que, seg\u00fan el propio tribunal, no lo involucra&#8221;.<\/p>\n<p>Adem\u00e1s, se se\u00f1al\u00f3 que &#8220;escuchar ilegalmente las conversaciones de terceros constituye espionaje y atenta directamente contra la libertad individual&#8221;. A su juicio, la interceptaci\u00f3n de la comunicaci\u00f3n de Josefina Huneeus es ilegal al no estar imputada en la causa y debe haber cesado una vez que se constat\u00f3 que el tel\u00e9fono era de su propiedad.<\/p>\n<p>Se agreg\u00f3 que &#8220;resulta grave que se haya intentado pinchar el tel\u00e9fono de la m\u00e1xima autoridad de la Rep\u00fablica en dos ocasiones, sin fundamento suficiente. Esto resulta grav\u00edsimo, atenta contra la democracia y las instituciones&#8221;.<\/p>\n<p>Finalmente, en opini\u00f3n del FA liderado por Constanza Mart\u00ednez, la magnitud de las interceptaciones -con m\u00e1s de 42 tel\u00e9fonos intervenidos- &#8220;no responde a una aut\u00e9ntica b\u00fasqueda de pruebas&#8221;. En cambio, advirtieron que &#8220;parece m\u00e1s bien una estrategia de espionaje con fines pol\u00edticos, que rechazamos categ\u00f3ricamente, y que no solo da\u00f1a a personas en espec\u00edfico, sino que a toda la institucionalidad del Ministerio P\u00fablico y a nuestra democracia&#8221;.<\/p>\n","protected":false},"excerpt":{"rendered":"<p>El Frente Amplio (FA) sali\u00f3 al paso por la intervenci\u00f3n telef\u00f3nica del presidente Gabriel Boric y otras escuchas en el marco de la indagatoria por el caso ProCultura, descartando v\u00ednculos financieros con la fundaci\u00f3n investigada. Mediante un comunicado, el partido del mandatario tambi\u00e9n apunt\u00f3 al fiscal regional Patricio Cooper, acus\u00e1ndolo de replicar una estrategia judicial [&hellip;]<\/p>\n","protected":false},"author":2,"featured_media":15129,"comment_status":"closed","ping_status":"open","sticky":false,"template":"","format":"standard","meta":{"_jetpack_memberships_contains_paid_content":false,"jnews-multi-image_gallery":[],"jnews_single_post":[],"jnews_primary_category":[],"jnews_social_meta":[],"jnews_paywall_metabox":[],"jnews_review":[],"enable_review":"","type":"","name":"","summary":"","brand":"","sku":"","good":[],"bad":[],"score_override":"","override_value":"","rating":[],"price":[],"jnews_override_counter":[],"jnews_post_split":[],"footnotes":""},"categories":[83],"tags":[],"class_list":["post-15130","post","type-post","status-publish","format-standard","has-post-thumbnail","hentry","category-politica"],"jetpack_featured_media_url":"https:\/\/laserenaradio.cl\/web\/wp-content\/uploads\/2025\/05\/homepiaiextractoscrapimg_predeterminadalaserenaradio_politica-10.webp","jetpack_sharing_enabled":true,"_links":{"self":[{"href":"https:\/\/laserenaradio.cl\/web\/wp-json\/wp\/v2\/posts\/15130","targetHints":{"allow":["GET"]}}],"collection":[{"href":"https:\/\/laserenaradio.cl\/web\/wp-json\/wp\/v2\/posts"}],"about":[{"href":"https:\/\/laserenaradio.cl\/web\/wp-json\/wp\/v2\/types\/post"}],"author":[{"embeddable":true,"href":"https:\/\/laserenaradio.cl\/web\/wp-json\/wp\/v2\/users\/2"}],"replies":[{"embeddable":true,"href":"https:\/\/laserenaradio.cl\/web\/wp-json\/wp\/v2\/comments?post=15130"}],"version-history":[{"count":1,"href":"https:\/\/laserenaradio.cl\/web\/wp-json\/wp\/v2\/posts\/15130\/revisions"}],"predecessor-version":[{"id":15131,"href":"https:\/\/laserenaradio.cl\/web\/wp-json\/wp\/v2\/posts\/15130\/revisions\/15131"}],"wp:featuredmedia":[{"embeddable":true,"href":"https:\/\/laserenaradio.cl\/web\/wp-json\/wp\/v2\/media\/15129"}],"wp:attachment":[{"href":"https:\/\/laserenaradio.cl\/web\/wp-json\/wp\/v2\/media?parent=15130"}],"wp:term":[{"taxonomy":"category","embeddable":true,"href":"https:\/\/laserenaradio.cl\/web\/wp-json\/wp\/v2\/categories?post=15130"},{"taxonomy":"post_tag","embeddable":true,"href":"https:\/\/laserenaradio.cl\/web\/wp-json\/wp\/v2\/tags?post=15130"}],"curies":[{"name":"wp","href":"https:\/\/api.w.org\/{rel}","templated":true}]}}