{"id":15121,"date":"2025-05-10T09:54:22","date_gmt":"2025-05-10T12:54:22","guid":{"rendered":"https:\/\/laserenaradio.cl\/web\/?p=15121"},"modified":"2025-05-10T09:54:22","modified_gmt":"2025-05-10T12:54:22","slug":"la-subsecretaria-de-pesca-responde-a-criticas-por-dato-falso","status":"publish","type":"post","link":"https:\/\/laserenaradio.cl\/web\/2025\/05\/10\/la-subsecretaria-de-pesca-responde-a-criticas-por-dato-falso\/","title":{"rendered":"La Subsecretar\u00eda de Pesca responde a cr\u00edticas por dato falso."},"content":{"rendered":"<p>La Subsecretar\u00eda de Pesca respondi\u00f3 a cr\u00edticas tras reconocer un dato falso en la tramitaci\u00f3n de la ley de fraccionamiento, atribuyendo el error al reporte de septiembre de 2024 desactualizado. Los datos presentados formaban parte del antecedente inicial entregado para la discusi\u00f3n legislativa en 2024.<\/p>\n<p>El organismo subray\u00f3 el di\u00e1logo amplio y transparente durante el proceso, mientras que el ministro Nicol\u00e1s Grau inst\u00f3 a repetir la votaci\u00f3n para corregir efectos negativos, con el objetivo de permitir que las empresas contin\u00faen operando.<\/p>\n<p>Grau respald\u00f3 al subsecretario Julio Salas, argumentando que la influencia del error es discutible y que el impacto se puede resolver con una nueva votaci\u00f3n. El cierre de PacificBlu, que emplea a 3.200 trabajadores, fue atribuido por la empresa a la reducci\u00f3n de la cuota industrial de merluza com\u00fan.<\/p>\n<p>Parlamentarios de B\u00edo B\u00edo exigieron la salida de Grau y Salas. Gast\u00f3n Saavedra, senador socialista, consider\u00f3 el error \u201cinaceptable\u201d e inst\u00f3 al presidente de la comisi\u00f3n mixta a reconsiderar el proceso. Sergio Bobadilla, diputado UDI, pidi\u00f3 al Presidente Boric solicitar la renuncia de Salas por informaciones falsas que da\u00f1an la estabilidad laboral regional.<\/p>\n","protected":false},"excerpt":{"rendered":"<p>La Subsecretar\u00eda de Pesca respondi\u00f3 a cr\u00edticas tras reconocer un dato falso en la tramitaci\u00f3n de la ley de fraccionamiento, atribuyendo el error al reporte de septiembre de 2024 desactualizado. Los datos presentados formaban parte del antecedente inicial entregado para la discusi\u00f3n legislativa en 2024. El organismo subray\u00f3 el di\u00e1logo amplio y transparente durante el [&hellip;]<\/p>\n","protected":false},"author":2,"featured_media":15120,"comment_status":"closed","ping_status":"open","sticky":false,"template":"","format":"standard","meta":{"_jetpack_memberships_contains_paid_content":false,"jnews-multi-image_gallery":[],"jnews_single_post":[],"jnews_primary_category":[],"jnews_social_meta":[],"jnews_paywall_metabox":[],"jnews_review":[],"enable_review":"","type":"","name":"","summary":"","brand":"","sku":"","good":[],"bad":[],"score_override":"","override_value":"","rating":[],"price":[],"jnews_override_counter":[],"jnews_post_split":[],"footnotes":""},"categories":[83],"tags":[],"class_list":["post-15121","post","type-post","status-publish","format-standard","has-post-thumbnail","hentry","category-politica"],"jetpack_featured_media_url":"https:\/\/laserenaradio.cl\/web\/wp-content\/uploads\/2025\/05\/homepiaiextractoscrapimg_webpSubsecretariaPesca_1.webp","jetpack_sharing_enabled":true,"_links":{"self":[{"href":"https:\/\/laserenaradio.cl\/web\/wp-json\/wp\/v2\/posts\/15121","targetHints":{"allow":["GET"]}}],"collection":[{"href":"https:\/\/laserenaradio.cl\/web\/wp-json\/wp\/v2\/posts"}],"about":[{"href":"https:\/\/laserenaradio.cl\/web\/wp-json\/wp\/v2\/types\/post"}],"author":[{"embeddable":true,"href":"https:\/\/laserenaradio.cl\/web\/wp-json\/wp\/v2\/users\/2"}],"replies":[{"embeddable":true,"href":"https:\/\/laserenaradio.cl\/web\/wp-json\/wp\/v2\/comments?post=15121"}],"version-history":[{"count":1,"href":"https:\/\/laserenaradio.cl\/web\/wp-json\/wp\/v2\/posts\/15121\/revisions"}],"predecessor-version":[{"id":15122,"href":"https:\/\/laserenaradio.cl\/web\/wp-json\/wp\/v2\/posts\/15121\/revisions\/15122"}],"wp:featuredmedia":[{"embeddable":true,"href":"https:\/\/laserenaradio.cl\/web\/wp-json\/wp\/v2\/media\/15120"}],"wp:attachment":[{"href":"https:\/\/laserenaradio.cl\/web\/wp-json\/wp\/v2\/media?parent=15121"}],"wp:term":[{"taxonomy":"category","embeddable":true,"href":"https:\/\/laserenaradio.cl\/web\/wp-json\/wp\/v2\/categories?post=15121"},{"taxonomy":"post_tag","embeddable":true,"href":"https:\/\/laserenaradio.cl\/web\/wp-json\/wp\/v2\/tags?post=15121"}],"curies":[{"name":"wp","href":"https:\/\/api.w.org\/{rel}","templated":true}]}}