{"id":15118,"date":"2025-05-10T09:53:10","date_gmt":"2025-05-10T12:53:10","guid":{"rendered":"https:\/\/laserenaradio.cl\/web\/?p=15118"},"modified":"2025-05-10T09:53:10","modified_gmt":"2025-05-10T12:53:10","slug":"rechazada-solicitud-de-fiscal-para-intervenir-celular-a-gabriel-boric","status":"publish","type":"post","link":"https:\/\/laserenaradio.cl\/web\/2025\/05\/10\/rechazada-solicitud-de-fiscal-para-intervenir-celular-a-gabriel-boric\/","title":{"rendered":"Rechazada solicitud de fiscal para intervenir celular a Gabriel Boric."},"content":{"rendered":"<p>Apuntando a presuntos financiamientos irregulares en campa\u00f1as pol\u00edticas, incluida la que llev\u00f3 a Gabriel Boric al cargo. El fiscal regional de Coquimbo, Patricio Cooper, solicit\u00f3 al Juzgado de Garant\u00eda de Antofagasta intervenir el celular del presidente Boric durante las indagatorias por el Caso Procultura.<\/p>\n<p>Cooper present\u00f3 un informe de 26 p\u00e1ginas en el que plantea indicios de que fondos estatales destinados a la Fundaci\u00f3n Procultura fueron utilizados para cubrir deudas de campa\u00f1a. Para justificar la medida, Cooper incluy\u00f3 conversaciones recopiladas de interceptaciones telef\u00f3nicas al director ejecutivo de Procultura, Alberto Larra\u00edn.<\/p>\n<p>En una de las conversaciones, Larra\u00edn y Luc\u00eda hablan sobre una suma de dinero que la fundaci\u00f3n adeudaba. Larra\u00edn responde: &#8220;No, gast\u00e9 esa plata en la campa\u00f1a de Boric y no les voy a pagar ni ahora ni nunca&#8221;. Esta afirmaci\u00f3n, seg\u00fan el fiscal Cooper, puede indicar un financiamiento irregular.<\/p>\n<p>Sin embargo, el tribunal rechaz\u00f3 la solicitud el 15 de noviembre de 2024, argumentando que la relaci\u00f3n personal entre el presidente Boric y Larra\u00edn no era suficiente para justificar la intervenci\u00f3n. Los nuevos antecedentes encendieron el debate pol\u00edtico, con la oposici\u00f3n pidiendo que el presidente Boric asuma un rol m\u00e1s activo para aclarar los trascendidos.<\/p>\n<p>El diputado de la UDI, Guillermo Ram\u00edrez; y la diputada RN, Camila Flores, se pronunciaron sobre la necesidad de transparencia. Paralelamente, la <a href=\"https:\/\/www.fiscaliadechile.cl\/\">Fiscal\u00eda<\/a> implement\u00f3 medidas para evitar filtraciones, incluyendo restricciones en el acceso a informaci\u00f3n y trazabilidad de archivos.<\/p>\n<p>El caso ProCultura, vinculado al lavado de activos, ha sido manejado con extrema reserva. Defensas y querellantes han recibido informaci\u00f3n parcializada o tachada, lo que ha generado cr\u00edticas por la falta de acceso completo a los expedientes. La estrategia del fiscal Cooper ha sido considerada prudente por algunos; sin embargo, otras voces lo critican por esta limitaci\u00f3n.<\/p>\n<p>Hasta el momento, no ha existido un pronunciamiento oficial del presidente Boric sobre estos antecedentes.<\/p>\n","protected":false},"excerpt":{"rendered":"<p>Apuntando a presuntos financiamientos irregulares en campa\u00f1as pol\u00edticas, incluida la que llev\u00f3 a Gabriel Boric al cargo. El fiscal regional de Coquimbo, Patricio Cooper, solicit\u00f3 al Juzgado de Garant\u00eda de Antofagasta intervenir el celular del presidente Boric durante las indagatorias por el Caso Procultura. Cooper present\u00f3 un informe de 26 p\u00e1ginas en el que plantea [&hellip;]<\/p>\n","protected":false},"author":2,"featured_media":15117,"comment_status":"closed","ping_status":"open","sticky":false,"template":"","format":"standard","meta":{"_jetpack_memberships_contains_paid_content":false,"jnews-multi-image_gallery":[],"jnews_single_post":[],"jnews_primary_category":[],"jnews_social_meta":[],"jnews_paywall_metabox":[],"jnews_review":[],"enable_review":"","type":"","name":"","summary":"","brand":"","sku":"","good":[],"bad":[],"score_override":"","override_value":"","rating":[],"price":[],"jnews_override_counter":[],"jnews_post_split":[],"footnotes":""},"categories":[83],"tags":[],"class_list":["post-15118","post","type-post","status-publish","format-standard","has-post-thumbnail","hentry","category-politica"],"jetpack_featured_media_url":"https:\/\/laserenaradio.cl\/web\/wp-content\/uploads\/2025\/05\/homepiaiextractoscrapimg_webpBoricfiscalpresidenteCooper_1.webp","jetpack_sharing_enabled":true,"_links":{"self":[{"href":"https:\/\/laserenaradio.cl\/web\/wp-json\/wp\/v2\/posts\/15118","targetHints":{"allow":["GET"]}}],"collection":[{"href":"https:\/\/laserenaradio.cl\/web\/wp-json\/wp\/v2\/posts"}],"about":[{"href":"https:\/\/laserenaradio.cl\/web\/wp-json\/wp\/v2\/types\/post"}],"author":[{"embeddable":true,"href":"https:\/\/laserenaradio.cl\/web\/wp-json\/wp\/v2\/users\/2"}],"replies":[{"embeddable":true,"href":"https:\/\/laserenaradio.cl\/web\/wp-json\/wp\/v2\/comments?post=15118"}],"version-history":[{"count":1,"href":"https:\/\/laserenaradio.cl\/web\/wp-json\/wp\/v2\/posts\/15118\/revisions"}],"predecessor-version":[{"id":15119,"href":"https:\/\/laserenaradio.cl\/web\/wp-json\/wp\/v2\/posts\/15118\/revisions\/15119"}],"wp:featuredmedia":[{"embeddable":true,"href":"https:\/\/laserenaradio.cl\/web\/wp-json\/wp\/v2\/media\/15117"}],"wp:attachment":[{"href":"https:\/\/laserenaradio.cl\/web\/wp-json\/wp\/v2\/media?parent=15118"}],"wp:term":[{"taxonomy":"category","embeddable":true,"href":"https:\/\/laserenaradio.cl\/web\/wp-json\/wp\/v2\/categories?post=15118"},{"taxonomy":"post_tag","embeddable":true,"href":"https:\/\/laserenaradio.cl\/web\/wp-json\/wp\/v2\/tags?post=15118"}],"curies":[{"name":"wp","href":"https:\/\/api.w.org\/{rel}","templated":true}]}}