{"id":15112,"date":"2025-05-09T19:51:35","date_gmt":"2025-05-09T22:51:35","guid":{"rendered":"https:\/\/laserenaradio.cl\/web\/?p=15112"},"modified":"2025-05-09T19:51:35","modified_gmt":"2025-05-09T22:51:35","slug":"manuel-ossandon-afirma-que-meiggs-es-un-temucuicui-santiaguino","status":"publish","type":"post","link":"https:\/\/laserenaradio.cl\/web\/2025\/05\/09\/manuel-ossandon-afirma-que-meiggs-es-un-temucuicui-santiaguino\/","title":{"rendered":"Manuel Ossand\u00f3n afirma que Meiggs es un &#8220;Temucuicui&#8221; santiaguino."},"content":{"rendered":"<p>El presidente del Senado, Manuel Jos\u00e9 Ossand\u00f3n, calific\u00f3 al barrio Meiggs como un \u201cTemucuicui santiaguino\u201d. Durante la ma\u00f1ana de este viernes intentaba constatar en terreno las dificultades que enfrenta el sector. El problema principal es el comercio ilegal que persiste en la zona. <\/p>\n<p>Una caminata ca\u00f3tica por momentos. Gritos y abucheos se escuchaban desde distintos puntos de la calzada. Ossand\u00f3n, acompa\u00f1ado por Alfonso Numi, intent\u00f3 dar declaraciones a la prensa al interior de una galer\u00eda comercial. Sin embargo, los locatarios expulsaron a la autoridad y su representante del recinto.<\/p>\n<p>La visita comenz\u00f3 en la intersecci\u00f3n de las calles Grajales con Bascu\u00f1\u00e1n Guerrero. Ossand\u00f3n evit\u00f3 avanzar por Grajales hacia el poniente para llegar a San Alfonso, conocida como la \u201czona roja\u201d de este tradicional sector comercial.<\/p>\n<p>En ese contexto, La Radio le pregunt\u00f3 por esa decisi\u00f3n. Ossand\u00f3n respondi\u00f3 catalogando al barrio Meiggs como un \u201cTemucuicui santiaguino\u201d, pidiendo al ministro de Seguridad, Luis Cordero, visitar el sector para evaluar la situaci\u00f3n.<\/p>\n<p>Alfonso Numi, presidente del gremio para el desarrollo del Barrio Meiggs, afirm\u00f3 que es fundamental una intervenci\u00f3n policial en Meiggs para erradicar el comercio clandestino. La visita tom\u00f3 por sorpresa a los comerciantes, muchos de quienes reaccionaron con molestia.<\/p>\n<p>Seg\u00fan Ossand\u00f3n, su presencia buscaba graficar el nivel de la problem\u00e1tica, que \u2014a su juicio\u2014 va m\u00e1s all\u00e1 de una figura alcaldicia.<\/p>\n","protected":false},"excerpt":{"rendered":"<p>El presidente del Senado, Manuel Jos\u00e9 Ossand\u00f3n, calific\u00f3 al barrio Meiggs como un \u201cTemucuicui santiaguino\u201d. Durante la ma\u00f1ana de este viernes intentaba constatar en terreno las dificultades que enfrenta el sector. El problema principal es el comercio ilegal que persiste en la zona. Una caminata ca\u00f3tica por momentos. Gritos y abucheos se escuchaban desde distintos [&hellip;]<\/p>\n","protected":false},"author":2,"featured_media":15111,"comment_status":"closed","ping_status":"open","sticky":false,"template":"","format":"standard","meta":{"_jetpack_memberships_contains_paid_content":false,"jnews-multi-image_gallery":[],"jnews_single_post":[],"jnews_primary_category":[],"jnews_social_meta":[],"jnews_paywall_metabox":[],"jnews_review":[],"enable_review":"","type":"","name":"","summary":"","brand":"","sku":"","good":[],"bad":[],"score_override":"","override_value":"","rating":[],"price":[],"jnews_override_counter":[],"jnews_post_split":[],"footnotes":""},"categories":[83],"tags":[],"class_list":["post-15112","post","type-post","status-publish","format-standard","has-post-thumbnail","hentry","category-politica"],"jetpack_featured_media_url":"https:\/\/laserenaradio.cl\/web\/wp-content\/uploads\/2025\/05\/homepiaiextractoscrapimg_webpManuelOssandon_0.webp","jetpack_sharing_enabled":true,"_links":{"self":[{"href":"https:\/\/laserenaradio.cl\/web\/wp-json\/wp\/v2\/posts\/15112","targetHints":{"allow":["GET"]}}],"collection":[{"href":"https:\/\/laserenaradio.cl\/web\/wp-json\/wp\/v2\/posts"}],"about":[{"href":"https:\/\/laserenaradio.cl\/web\/wp-json\/wp\/v2\/types\/post"}],"author":[{"embeddable":true,"href":"https:\/\/laserenaradio.cl\/web\/wp-json\/wp\/v2\/users\/2"}],"replies":[{"embeddable":true,"href":"https:\/\/laserenaradio.cl\/web\/wp-json\/wp\/v2\/comments?post=15112"}],"version-history":[{"count":1,"href":"https:\/\/laserenaradio.cl\/web\/wp-json\/wp\/v2\/posts\/15112\/revisions"}],"predecessor-version":[{"id":15113,"href":"https:\/\/laserenaradio.cl\/web\/wp-json\/wp\/v2\/posts\/15112\/revisions\/15113"}],"wp:featuredmedia":[{"embeddable":true,"href":"https:\/\/laserenaradio.cl\/web\/wp-json\/wp\/v2\/media\/15111"}],"wp:attachment":[{"href":"https:\/\/laserenaradio.cl\/web\/wp-json\/wp\/v2\/media?parent=15112"}],"wp:term":[{"taxonomy":"category","embeddable":true,"href":"https:\/\/laserenaradio.cl\/web\/wp-json\/wp\/v2\/categories?post=15112"},{"taxonomy":"post_tag","embeddable":true,"href":"https:\/\/laserenaradio.cl\/web\/wp-json\/wp\/v2\/tags?post=15112"}],"curies":[{"name":"wp","href":"https:\/\/api.w.org\/{rel}","templated":true}]}}