{"id":15091,"date":"2025-05-09T16:12:40","date_gmt":"2025-05-09T19:12:40","guid":{"rendered":"https:\/\/laserenaradio.cl\/web\/?p=15091"},"modified":"2025-05-09T16:12:40","modified_gmt":"2025-05-09T19:12:40","slug":"boric-participa-del-foro-china-celac-y-se-reune-con-xi-jinping","status":"publish","type":"post","link":"https:\/\/laserenaradio.cl\/web\/2025\/05\/09\/boric-participa-del-foro-china-celac-y-se-reune-con-xi-jinping\/","title":{"rendered":"Boric participa del Foro China-CELAC y se re\u00fane con Xi Jinping."},"content":{"rendered":"<p>Tal como estaba anunciado, el presidente Gabriel Boric emprender\u00e1 este viernes un viaje al continente asi\u00e1tico para participar de actividades y reuniones tanto en la Rep\u00fablica Popular China como Jap\u00f3n.<\/p>\n<p>En el gigante asi\u00e1tico, el jefe de Estado participar\u00e1 del Foro China-CELAC, encabezar\u00e1 un encuentro con empresarios y se reunir\u00e1 con su par chino, el presidente Xi Jinping; y el vicepresidente Han Zheng.<\/p>\n<p>Por otro lado, en Jap\u00f3n, dialogar\u00e1 con el primer ministro, Shigeru Ishiba, y visitar\u00e1 la Expo Mundial de Osaka 2025, donde liderar\u00e1 las actividades por el D\u00eda de Chile. Tambi\u00e9n encabezar\u00e1 un foro empresarial con representantes del mundo privado.<\/p>\n","protected":false},"excerpt":{"rendered":"<p>Tal como estaba anunciado, el presidente Gabriel Boric emprender\u00e1 este viernes un viaje al continente asi\u00e1tico para participar de actividades y reuniones tanto en la Rep\u00fablica Popular China como Jap\u00f3n. En el gigante asi\u00e1tico, el jefe de Estado participar\u00e1 del Foro China-CELAC, encabezar\u00e1 un encuentro con empresarios y se reunir\u00e1 con su par chino, el [&hellip;]<\/p>\n","protected":false},"author":2,"featured_media":15090,"comment_status":"closed","ping_status":"open","sticky":false,"template":"","format":"standard","meta":{"_jetpack_memberships_contains_paid_content":false,"jnews-multi-image_gallery":[],"jnews_single_post":[],"jnews_primary_category":[],"jnews_social_meta":[],"jnews_paywall_metabox":[],"jnews_review":[],"enable_review":"","type":"","name":"","summary":"","brand":"","sku":"","good":[],"bad":[],"score_override":"","override_value":"","rating":[],"price":[],"jnews_override_counter":[],"jnews_post_split":[],"footnotes":""},"categories":[83],"tags":[],"class_list":["post-15091","post","type-post","status-publish","format-standard","has-post-thumbnail","hentry","category-politica"],"jetpack_featured_media_url":"https:\/\/laserenaradio.cl\/web\/wp-content\/uploads\/2025\/05\/homepiaiextractoscrapimg_webpBoricForo_1.webp","jetpack_sharing_enabled":true,"_links":{"self":[{"href":"https:\/\/laserenaradio.cl\/web\/wp-json\/wp\/v2\/posts\/15091","targetHints":{"allow":["GET"]}}],"collection":[{"href":"https:\/\/laserenaradio.cl\/web\/wp-json\/wp\/v2\/posts"}],"about":[{"href":"https:\/\/laserenaradio.cl\/web\/wp-json\/wp\/v2\/types\/post"}],"author":[{"embeddable":true,"href":"https:\/\/laserenaradio.cl\/web\/wp-json\/wp\/v2\/users\/2"}],"replies":[{"embeddable":true,"href":"https:\/\/laserenaradio.cl\/web\/wp-json\/wp\/v2\/comments?post=15091"}],"version-history":[{"count":1,"href":"https:\/\/laserenaradio.cl\/web\/wp-json\/wp\/v2\/posts\/15091\/revisions"}],"predecessor-version":[{"id":15092,"href":"https:\/\/laserenaradio.cl\/web\/wp-json\/wp\/v2\/posts\/15091\/revisions\/15092"}],"wp:featuredmedia":[{"embeddable":true,"href":"https:\/\/laserenaradio.cl\/web\/wp-json\/wp\/v2\/media\/15090"}],"wp:attachment":[{"href":"https:\/\/laserenaradio.cl\/web\/wp-json\/wp\/v2\/media?parent=15091"}],"wp:term":[{"taxonomy":"category","embeddable":true,"href":"https:\/\/laserenaradio.cl\/web\/wp-json\/wp\/v2\/categories?post=15091"},{"taxonomy":"post_tag","embeddable":true,"href":"https:\/\/laserenaradio.cl\/web\/wp-json\/wp\/v2\/tags?post=15091"}],"curies":[{"name":"wp","href":"https:\/\/api.w.org\/{rel}","templated":true}]}}