{"id":15085,"date":"2025-05-09T16:08:59","date_gmt":"2025-05-09T19:08:59","guid":{"rendered":"https:\/\/laserenaradio.cl\/web\/?p=15085"},"modified":"2025-05-09T16:08:59","modified_gmt":"2025-05-09T19:08:59","slug":"jeannette-jara-expresa-incomodidad-por-revelacion-de-relacion-politica-de-toha-y-marcel","status":"publish","type":"post","link":"https:\/\/laserenaradio.cl\/web\/2025\/05\/09\/jeannette-jara-expresa-incomodidad-por-revelacion-de-relacion-politica-de-toha-y-marcel\/","title":{"rendered":"Jeannette Jara expresa incomodidad por revelaci\u00f3n de relaci\u00f3n pol\u00edtica de Toh\u00e1 y Marcel."},"content":{"rendered":"<p>Jeannette Jara, precandidata presidencial del Partido Comunista y Acci\u00f3n Humanista, se mostr\u00f3 inc\u00f3moda ante la revelada relaci\u00f3n entre el ministro de Hacienda, Mario Marcel, y Carolina Toh\u00e1, candidata del Socialismo Democr\u00e1tico. En una conversaci\u00f3n con Desde La Redacci\u00f3n, Jara manifest\u00f3 que se alegra por ellos pero reconoci\u00f3 que le incomoda la situaci\u00f3n, ya que esto pone en una posici\u00f3n a quienes son candidatos.<\/p>\n<p>&#8220;O sea, yo no tengo problema en compartir algunos elementos que la ciudadan\u00eda debe conocer, pero me incomoda porque me imaginaba un poquito lo que ya ven\u00eda, y a los pocos d\u00edas mi pareja estaba en la portada de un diario&#8221;, se\u00f1al\u00f3 Jara.<\/p>\n<p>Aludiendo a las consecuencias de la revelaci\u00f3n de su relaci\u00f3n, Jara lamenta que tras ser exministra del Trabajo, sab\u00eda m\u00e1s o menos las repercusiones y que la situaci\u00f3n no fue decidida por ella ni por Marcel. &#8220;Y bueno, cuando otras personas deciden, y esto tiene efecto en los dem\u00e1s, a m\u00ed me provoc\u00f3 incomodidad, sinceramente&#8221;, dijo.<\/p>\n<p>Jara tambi\u00e9n marc\u00f3 una diferencia con Toh\u00e1, afirmando que si hubiese estado en su posici\u00f3n habr\u00eda actuado de forma distinta. &#8220;A lo mejor si mi pareja hubiese sido ministro, yo lo habr\u00eda dicho en otro momento, con mayor anterioridad, yo act\u00fao de esa forma&#8221;, subray\u00f3.<\/p>\n<p>Finalmente, Jara mantuvo que el tema es entre Marcel y Toh\u00e1, y que ellos decidir\u00e1n cu\u00e1ndo y c\u00f3mo lo comunicar\u00e1n.<\/p>\n","protected":false},"excerpt":{"rendered":"<p>Jeannette Jara, precandidata presidencial del Partido Comunista y Acci\u00f3n Humanista, se mostr\u00f3 inc\u00f3moda ante la revelada relaci\u00f3n entre el ministro de Hacienda, Mario Marcel, y Carolina Toh\u00e1, candidata del Socialismo Democr\u00e1tico. En una conversaci\u00f3n con Desde La Redacci\u00f3n, Jara manifest\u00f3 que se alegra por ellos pero reconoci\u00f3 que le incomoda la situaci\u00f3n, ya que esto [&hellip;]<\/p>\n","protected":false},"author":2,"featured_media":15084,"comment_status":"closed","ping_status":"open","sticky":false,"template":"","format":"standard","meta":{"_jetpack_memberships_contains_paid_content":false,"jnews-multi-image_gallery":[],"jnews_single_post":[],"jnews_primary_category":[],"jnews_social_meta":[],"jnews_paywall_metabox":[],"jnews_review":[],"enable_review":"","type":"","name":"","summary":"","brand":"","sku":"","good":[],"bad":[],"score_override":"","override_value":"","rating":[],"price":[],"jnews_override_counter":[],"jnews_post_split":[],"footnotes":""},"categories":[83],"tags":[],"class_list":["post-15085","post","type-post","status-publish","format-standard","has-post-thumbnail","hentry","category-politica"],"jetpack_featured_media_url":"https:\/\/laserenaradio.cl\/web\/wp-content\/uploads\/2025\/05\/homepiaiextractoscrapimg_predeterminadalaserenaradio_politica-9.webp","jetpack_sharing_enabled":true,"_links":{"self":[{"href":"https:\/\/laserenaradio.cl\/web\/wp-json\/wp\/v2\/posts\/15085","targetHints":{"allow":["GET"]}}],"collection":[{"href":"https:\/\/laserenaradio.cl\/web\/wp-json\/wp\/v2\/posts"}],"about":[{"href":"https:\/\/laserenaradio.cl\/web\/wp-json\/wp\/v2\/types\/post"}],"author":[{"embeddable":true,"href":"https:\/\/laserenaradio.cl\/web\/wp-json\/wp\/v2\/users\/2"}],"replies":[{"embeddable":true,"href":"https:\/\/laserenaradio.cl\/web\/wp-json\/wp\/v2\/comments?post=15085"}],"version-history":[{"count":1,"href":"https:\/\/laserenaradio.cl\/web\/wp-json\/wp\/v2\/posts\/15085\/revisions"}],"predecessor-version":[{"id":15086,"href":"https:\/\/laserenaradio.cl\/web\/wp-json\/wp\/v2\/posts\/15085\/revisions\/15086"}],"wp:featuredmedia":[{"embeddable":true,"href":"https:\/\/laserenaradio.cl\/web\/wp-json\/wp\/v2\/media\/15084"}],"wp:attachment":[{"href":"https:\/\/laserenaradio.cl\/web\/wp-json\/wp\/v2\/media?parent=15085"}],"wp:term":[{"taxonomy":"category","embeddable":true,"href":"https:\/\/laserenaradio.cl\/web\/wp-json\/wp\/v2\/categories?post=15085"},{"taxonomy":"post_tag","embeddable":true,"href":"https:\/\/laserenaradio.cl\/web\/wp-json\/wp\/v2\/tags?post=15085"}],"curies":[{"name":"wp","href":"https:\/\/api.w.org\/{rel}","templated":true}]}}