{"id":15076,"date":"2025-05-09T15:55:14","date_gmt":"2025-05-09T18:55:14","guid":{"rendered":"https:\/\/laserenaradio.cl\/web\/?p=15076"},"modified":"2025-05-09T15:55:14","modified_gmt":"2025-05-09T18:55:14","slug":"carolina-toha-lidera-preferencias-presidenciales-seguidas-por-evelyn-matthei","status":"publish","type":"post","link":"https:\/\/laserenaradio.cl\/web\/2025\/05\/09\/carolina-toha-lidera-preferencias-presidenciales-seguidas-por-evelyn-matthei\/","title":{"rendered":"Carolina Toh\u00e1 lidera preferencias presidenciales seguidas por Evelyn Matthei"},"content":{"rendered":"<p>Seg\u00fan una reciente encuesta publicada por Studio P\u00fablico, Carolina Toh\u00e1 (PPD) lidera en las preferencias de la carrera presidencial, superando a Evelyn Matthei (UDI) y Johannes Kaiser (Partido Nacional Libertario). En concreto, la exministra del Interior ir\u00eda primera con un 26,3%, seguida por Evelyn Matthei (19,7%), Johannes Kaiser (16,9%), Jos\u00e9 Antonio Kast (14,6%), Franco Parisi (6,2%), Marco Enr\u00edquez Ominami (3,0%) y Francesca Mu\u00f1oz (0,2%). En tanto, la opci\u00f3n &#8220;no sabe\/no responde&#8221; llega a un 14,8%.<\/p>\n<p>Respecto a las primarias oficialistas, que ser\u00e1n las \u00fanicas que se realizar\u00e1n el pr\u00f3ximo 29 de junio, Toh\u00e1 tambi\u00e9n se ubica como la primera en las respuestas. Se consult\u00f3: &#8220;Si las elecciones de primaria del oficialismo fueran el pr\u00f3ximo domingo, \u00bfpor cu\u00e1l de los siguientes candidatos votar\u00eda usted?&#8221;<\/p>\n<p>Avanzando en la competencia por llegar a La Moneda, con un escenario de segunda vuelta, el estudio revel\u00f3 que Evelyn Matthei (UDI) se impondr\u00eda a Carolina Toh\u00e1 (PPD). &#8220;Ante una eventual segunda vuelta presidencial, \u00bfpor cu\u00e1l de los siguientes candidatos votar\u00eda usted si las elecciones fueran este domingo?&#8221;, fue la interrogante.<\/p>\n<p>En cuanto a las definiciones del candidato, destacan -en primer lugar- las propuestas, seguidas por las posiciones val\u00f3ricas y el historial de probidad de quien postula.<\/p>\n","protected":false},"excerpt":{"rendered":"<p>Seg\u00fan una reciente encuesta publicada por Studio P\u00fablico, Carolina Toh\u00e1 (PPD) lidera en las preferencias de la carrera presidencial, superando a Evelyn Matthei (UDI) y Johannes Kaiser (Partido Nacional Libertario). En concreto, la exministra del Interior ir\u00eda primera con un 26,3%, seguida por Evelyn Matthei (19,7%), Johannes Kaiser (16,9%), Jos\u00e9 Antonio Kast (14,6%), Franco Parisi [&hellip;]<\/p>\n","protected":false},"author":2,"featured_media":15075,"comment_status":"closed","ping_status":"open","sticky":false,"template":"","format":"standard","meta":{"_jetpack_memberships_contains_paid_content":false,"jnews-multi-image_gallery":[],"jnews_single_post":[],"jnews_primary_category":[],"jnews_social_meta":[],"jnews_paywall_metabox":[],"jnews_review":[],"enable_review":"","type":"","name":"","summary":"","brand":"","sku":"","good":[],"bad":[],"score_override":"","override_value":"","rating":[],"price":[],"jnews_override_counter":[],"jnews_post_split":[],"footnotes":""},"categories":[83],"tags":[],"class_list":["post-15076","post","type-post","status-publish","format-standard","has-post-thumbnail","hentry","category-politica"],"jetpack_featured_media_url":"https:\/\/laserenaradio.cl\/web\/wp-content\/uploads\/2025\/05\/homepiaiextractoscrapimg_webpEvelynMattheiCarolinaliderapreferencias_0.webp","jetpack_sharing_enabled":true,"_links":{"self":[{"href":"https:\/\/laserenaradio.cl\/web\/wp-json\/wp\/v2\/posts\/15076","targetHints":{"allow":["GET"]}}],"collection":[{"href":"https:\/\/laserenaradio.cl\/web\/wp-json\/wp\/v2\/posts"}],"about":[{"href":"https:\/\/laserenaradio.cl\/web\/wp-json\/wp\/v2\/types\/post"}],"author":[{"embeddable":true,"href":"https:\/\/laserenaradio.cl\/web\/wp-json\/wp\/v2\/users\/2"}],"replies":[{"embeddable":true,"href":"https:\/\/laserenaradio.cl\/web\/wp-json\/wp\/v2\/comments?post=15076"}],"version-history":[{"count":1,"href":"https:\/\/laserenaradio.cl\/web\/wp-json\/wp\/v2\/posts\/15076\/revisions"}],"predecessor-version":[{"id":15077,"href":"https:\/\/laserenaradio.cl\/web\/wp-json\/wp\/v2\/posts\/15076\/revisions\/15077"}],"wp:featuredmedia":[{"embeddable":true,"href":"https:\/\/laserenaradio.cl\/web\/wp-json\/wp\/v2\/media\/15075"}],"wp:attachment":[{"href":"https:\/\/laserenaradio.cl\/web\/wp-json\/wp\/v2\/media?parent=15076"}],"wp:term":[{"taxonomy":"category","embeddable":true,"href":"https:\/\/laserenaradio.cl\/web\/wp-json\/wp\/v2\/categories?post=15076"},{"taxonomy":"post_tag","embeddable":true,"href":"https:\/\/laserenaradio.cl\/web\/wp-json\/wp\/v2\/tags?post=15076"}],"curies":[{"name":"wp","href":"https:\/\/api.w.org\/{rel}","templated":true}]}}