{"id":15073,"date":"2025-05-09T15:50:51","date_gmt":"2025-05-09T18:50:51","guid":{"rendered":"https:\/\/laserenaradio.cl\/web\/?p=15073"},"modified":"2025-05-09T15:50:51","modified_gmt":"2025-05-09T18:50:51","slug":"parlamentarios-exigieron-renuncia-del-ministro-y-subsecretario-de-pesca","status":"publish","type":"post","link":"https:\/\/laserenaradio.cl\/web\/2025\/05\/09\/parlamentarios-exigieron-renuncia-del-ministro-y-subsecretario-de-pesca\/","title":{"rendered":"Parlamentarios exigieron renuncia del ministro y subsecretario de Pesca"},"content":{"rendered":"<p>Parlamentarios de la regi\u00f3n del B\u00edo B\u00edo exigieron la renuncia del ministro de Econom\u00eda, Nicol\u00e1s Grau, y del subsecretario de Pesca, Julio Salas, tras reconocer la entrega de datos falsos en medio de la tramitaci\u00f3n de la pol\u00e9mica Ley de Fraccionamiento.<\/p>\n<p>En entrevista con Radio B\u00edo B\u00edo, el secretario de Estado admiti\u00f3 que Salas entreg\u00f3 antecedentes err\u00f3neos durante la sesi\u00f3n de la comisi\u00f3n mixta que busca zanjar las diferencias entre la C\u00e1mara y el Senado por la ley de fraccionamiento pesquero.<\/p>\n<p>Esta revelaci\u00f3n ocurre en medio de los cuestionamientos al Gobierno, luego que la empresa PacificBlu -que emplea a cerca de 3.200 trabajadores en la zona- anunciara el cierre de sus operaciones tras aprobarse la reducci\u00f3n de la cuota de extracci\u00f3n de la merluza com\u00fan para el sector industrial.<\/p>\n<p>El senador socialista, Gast\u00f3n Saavedra, exigi\u00f3 la renuncia del ministro Grau y del subsecretario Salas. \u201cLos juristas dir\u00edan: a confesi\u00f3n de parte, relevo de prueba. Cuando un ministro de Estado reconoce que se han enviado datos err\u00f3neos al Congreso para que luego los legisladores lo tomen como base para su decisi\u00f3n, esto causa efectos negativos, tan negativos como que las empresas tendr\u00edan que cerrar y dejar a 3.500 personas sin trabajo\u201d, se\u00f1al\u00f3.<\/p>\n<p>El parlamentario tambi\u00e9n pidi\u00f3 al presidente de la comisi\u00f3n mixta, senador Fidel Espinoza, reconsiderar el proceso legislativo antes de que pase a Sala.<\/p>\n<p>Por su parte, el diputado UDI por la regi\u00f3n del Bio B\u00edo, Sergio Bobadilla, se sum\u00f3 a los emplazamientos exigiendo al presidente Gabriel Boric la renuncia \u201cinmediata\u201d del subsecretario de Pesca, Julio Salas. &#8220;El Presidente Gabriel Boric tiene la obligaci\u00f3n y el deber moral de solicitar la renuncia del actual subsecretario de Pesca lo antes posible&#8221;, sostuvo.<\/p>\n<p>El diputado UDI afirm\u00f3 que con la informaci\u00f3n falsa que entreg\u00f3 durante la tramitaci\u00f3n de este proyecto se tomaron decisiones que, tal como lo hemos visto, est\u00e1n generando consecuencias muy graves en la estabilidad laboral de nuestra regi\u00f3n. &#8220;Son miles de trabajadores del B\u00edo B\u00edo, en especial mujeres, que podr\u00edan quedar sin su fuente laboral producto de la mentira y el enga\u00f1o con el que ha actuado esta autoridad&#8221;, se\u00f1al\u00f3.<\/p>\n<p>Asimismo, el diputado de la Democracia Cristiana, Eric Aedo, calific\u00f3 la Ley de Pesca como una \u201cley corrupta\u201d. &#8220;La Ley de Pesca que se est\u00e1 tramitando hoy d\u00eda en el Parlamento es una ley corrupta y eso ha quedado de manifiesto cuando el subsecretario entreg\u00f3 informaci\u00f3n falsa a los parlamentarios para tomar decisiones respecto de esta ley&#8221;, sostuvo.<\/p>\n<p>El legislador falangista critic\u00f3 al ministro Grau por respaldar un subsecretario que le miente al Parlamento. &#8220;Esta ley no tiene validez, est\u00e1 hecha a partir de motivos ideol\u00f3gicos que simplemente deja sin empleo a miles y a miles de personas en la regi\u00f3n del B\u00edo B\u00edo y a lo largo del pa\u00eds&#8221;, sentenci\u00f3.<\/p>\n","protected":false},"excerpt":{"rendered":"<p>Parlamentarios de la regi\u00f3n del B\u00edo B\u00edo exigieron la renuncia del ministro de Econom\u00eda, Nicol\u00e1s Grau, y del subsecretario de Pesca, Julio Salas, tras reconocer la entrega de datos falsos en medio de la tramitaci\u00f3n de la pol\u00e9mica Ley de Fraccionamiento. En entrevista con Radio B\u00edo B\u00edo, el secretario de Estado admiti\u00f3 que Salas entreg\u00f3 [&hellip;]<\/p>\n","protected":false},"author":2,"featured_media":15072,"comment_status":"closed","ping_status":"open","sticky":false,"template":"","format":"standard","meta":{"_jetpack_memberships_contains_paid_content":false,"jnews-multi-image_gallery":[],"jnews_single_post":[],"jnews_primary_category":[],"jnews_social_meta":[],"jnews_paywall_metabox":[],"jnews_review":[],"enable_review":"","type":"","name":"","summary":"","brand":"","sku":"","good":[],"bad":[],"score_override":"","override_value":"","rating":[],"price":[],"jnews_override_counter":[],"jnews_post_split":[],"footnotes":""},"categories":[83],"tags":[],"class_list":["post-15073","post","type-post","status-publish","format-standard","has-post-thumbnail","hentry","category-politica"],"jetpack_featured_media_url":"https:\/\/laserenaradio.cl\/web\/wp-content\/uploads\/2025\/05\/homepiaiextractoscrapimg_webpParlamentariosPesca_1.webp","jetpack_sharing_enabled":true,"_links":{"self":[{"href":"https:\/\/laserenaradio.cl\/web\/wp-json\/wp\/v2\/posts\/15073","targetHints":{"allow":["GET"]}}],"collection":[{"href":"https:\/\/laserenaradio.cl\/web\/wp-json\/wp\/v2\/posts"}],"about":[{"href":"https:\/\/laserenaradio.cl\/web\/wp-json\/wp\/v2\/types\/post"}],"author":[{"embeddable":true,"href":"https:\/\/laserenaradio.cl\/web\/wp-json\/wp\/v2\/users\/2"}],"replies":[{"embeddable":true,"href":"https:\/\/laserenaradio.cl\/web\/wp-json\/wp\/v2\/comments?post=15073"}],"version-history":[{"count":1,"href":"https:\/\/laserenaradio.cl\/web\/wp-json\/wp\/v2\/posts\/15073\/revisions"}],"predecessor-version":[{"id":15074,"href":"https:\/\/laserenaradio.cl\/web\/wp-json\/wp\/v2\/posts\/15073\/revisions\/15074"}],"wp:featuredmedia":[{"embeddable":true,"href":"https:\/\/laserenaradio.cl\/web\/wp-json\/wp\/v2\/media\/15072"}],"wp:attachment":[{"href":"https:\/\/laserenaradio.cl\/web\/wp-json\/wp\/v2\/media?parent=15073"}],"wp:term":[{"taxonomy":"category","embeddable":true,"href":"https:\/\/laserenaradio.cl\/web\/wp-json\/wp\/v2\/categories?post=15073"},{"taxonomy":"post_tag","embeddable":true,"href":"https:\/\/laserenaradio.cl\/web\/wp-json\/wp\/v2\/tags?post=15073"}],"curies":[{"name":"wp","href":"https:\/\/api.w.org\/{rel}","templated":true}]}}