{"id":15037,"date":"2025-05-08T16:49:41","date_gmt":"2025-05-08T19:49:41","guid":{"rendered":"https:\/\/laserenaradio.cl\/web\/?p=15037"},"modified":"2025-05-08T16:49:41","modified_gmt":"2025-05-08T19:49:41","slug":"figuras-de-dc-apoyan-candidatura-de-carolina-toha","status":"publish","type":"post","link":"https:\/\/laserenaradio.cl\/web\/2025\/05\/08\/figuras-de-dc-apoyan-candidatura-de-carolina-toha\/","title":{"rendered":"Figuras de DC apoyan candidatura de Carolina Toh\u00e1."},"content":{"rendered":"<p>Esta jornada de mi\u00e9rcoles, figuras hist\u00f3ricas de la Democracia Cristiana (DC) expresaron su apoyo a la candidata del Socialismo Democr\u00e1tico, Carolina Toh\u00e1 (PPD). Espec\u00edficamente, se trata de Ignacio Walker, Genaro Arriagada y Jorge Correa Sutil, quienes se reunieron esta ma\u00f1ana con la exministra del Interior. Previo a la elecci\u00f3n primaria del pr\u00f3ximo 29 de junio, estos l\u00edderes decidieron respaldar a Toh\u00e1.<\/p>\n<p>Tras bajar a Alberto Undurraga como timonel de la carrera presidencial, la colectividad convoc\u00f3 a una Junta Nacional para definir al candidato partidario. Durante la conversaci\u00f3n entre Toh\u00e1 y las figuras de la DC, se abordaron temas sobre c\u00f3mo retomar el crecimiento ofreciendo progreso con bienestar compartido, desaf\u00edos de seguridad y cohesi\u00f3n social, modernizar el Estado para reconstruir confianzas institucionales y posicionar al pa\u00eds en un contexto geopol\u00edtico cambiante.<\/p>\n<p>Los tres dirigentes expresaron su valoraci\u00f3n por el liderazgo pol\u00edtico de Carolina Toh\u00e1, su capacidad de di\u00e1logo y disposici\u00f3n a construir un proyecto con vocaci\u00f3n de mayor\u00eda y orientaci\u00f3n transformadora. &#8220;Hemos decidido darle todo nuestro apoyo, porque creemos que ella puede ejercer y est\u00e1 llamada a ejercer un liderazgo ampliamente convocante de la centroizquierda&#8221;, se\u00f1al\u00f3 Ignacio Walker.<\/p>\n<p>En tanto, la candidata Carolina Toh\u00e1 dijo estar muy agradecida, &#8220;muy honrada por este apoyo, toda su experiencia y toda la autoridad que tienen tambi\u00e9n por el recorrido que han hecho&#8221;. Este respaldo significa mucho para nosotros y es un paso importante para convocar a muchos m\u00e1s que los tienen a ellos como referentes y ejemplos de lo que son servidores p\u00fablicos de toda una vida.<\/p>\n","protected":false},"excerpt":{"rendered":"<p>Esta jornada de mi\u00e9rcoles, figuras hist\u00f3ricas de la Democracia Cristiana (DC) expresaron su apoyo a la candidata del Socialismo Democr\u00e1tico, Carolina Toh\u00e1 (PPD). Espec\u00edficamente, se trata de Ignacio Walker, Genaro Arriagada y Jorge Correa Sutil, quienes se reunieron esta ma\u00f1ana con la exministra del Interior. Previo a la elecci\u00f3n primaria del pr\u00f3ximo 29 de junio, [&hellip;]<\/p>\n","protected":false},"author":2,"featured_media":15036,"comment_status":"closed","ping_status":"open","sticky":false,"template":"","format":"standard","meta":{"_jetpack_memberships_contains_paid_content":false,"jnews-multi-image_gallery":[],"jnews_single_post":[],"jnews_primary_category":[],"jnews_social_meta":[],"jnews_paywall_metabox":[],"jnews_review":[],"enable_review":"","type":"","name":"","summary":"","brand":"","sku":"","good":[],"bad":[],"score_override":"","override_value":"","rating":[],"price":[],"jnews_override_counter":[],"jnews_post_split":[],"footnotes":""},"categories":[83],"tags":[],"class_list":["post-15037","post","type-post","status-publish","format-standard","has-post-thumbnail","hentry","category-politica"],"jetpack_featured_media_url":"https:\/\/laserenaradio.cl\/web\/wp-content\/uploads\/2025\/05\/homepiaiextractoscrapimg_predeterminadalaserenaradio_politica-6.webp","jetpack_sharing_enabled":true,"_links":{"self":[{"href":"https:\/\/laserenaradio.cl\/web\/wp-json\/wp\/v2\/posts\/15037","targetHints":{"allow":["GET"]}}],"collection":[{"href":"https:\/\/laserenaradio.cl\/web\/wp-json\/wp\/v2\/posts"}],"about":[{"href":"https:\/\/laserenaradio.cl\/web\/wp-json\/wp\/v2\/types\/post"}],"author":[{"embeddable":true,"href":"https:\/\/laserenaradio.cl\/web\/wp-json\/wp\/v2\/users\/2"}],"replies":[{"embeddable":true,"href":"https:\/\/laserenaradio.cl\/web\/wp-json\/wp\/v2\/comments?post=15037"}],"version-history":[{"count":1,"href":"https:\/\/laserenaradio.cl\/web\/wp-json\/wp\/v2\/posts\/15037\/revisions"}],"predecessor-version":[{"id":15038,"href":"https:\/\/laserenaradio.cl\/web\/wp-json\/wp\/v2\/posts\/15037\/revisions\/15038"}],"wp:featuredmedia":[{"embeddable":true,"href":"https:\/\/laserenaradio.cl\/web\/wp-json\/wp\/v2\/media\/15036"}],"wp:attachment":[{"href":"https:\/\/laserenaradio.cl\/web\/wp-json\/wp\/v2\/media?parent=15037"}],"wp:term":[{"taxonomy":"category","embeddable":true,"href":"https:\/\/laserenaradio.cl\/web\/wp-json\/wp\/v2\/categories?post=15037"},{"taxonomy":"post_tag","embeddable":true,"href":"https:\/\/laserenaradio.cl\/web\/wp-json\/wp\/v2\/tags?post=15037"}],"curies":[{"name":"wp","href":"https:\/\/api.w.org\/{rel}","templated":true}]}}