{"id":15028,"date":"2025-05-08T16:17:54","date_gmt":"2025-05-08T19:17:54","guid":{"rendered":"https:\/\/laserenaradio.cl\/web\/?p=15028"},"modified":"2025-05-08T16:17:54","modified_gmt":"2025-05-08T19:17:54","slug":"carolina-toha-presenta-su-equipo-para-las-primarias-presidenciales","status":"publish","type":"post","link":"https:\/\/laserenaradio.cl\/web\/2025\/05\/08\/carolina-toha-presenta-su-equipo-para-las-primarias-presidenciales\/","title":{"rendered":"Carolina Toh\u00e1 presenta su equipo para las primarias presidenciales."},"content":{"rendered":"<p>Este jueves, Carolina Toh\u00e1, precandidata presidencial del Socialismo Democr\u00e1tico (PPD, PS, PR y PL), present\u00f3 su equipo para las pr\u00f3ximas primarias. P\u00eda Mundaca ser\u00e1 jefa de campa\u00f1a, exdirectora ejecutiva de Espacio P\u00fablico y exjefa de gabinete del <a href=\"https:\/\/www.interior.gob.cl\/\">Ministerio del Interior<\/a>. El senador Alfonso De Urresti asumir\u00e1 la responsabilidad como encargado electoral, mientras que Jos\u00e9 Toro, secretario general del PPD, ser\u00e1 administrador electoral.<\/p>\n<p>Toh\u00e1 destac\u00f3 que Mundaca continuar\u00e1 liderando el equipo, ahora con apoyo adicional del Comit\u00e9 Estrat\u00e9gico. Este comit\u00e9 incluir\u00e1 a Claudio Castro, alcalde de Renca; Ricardo Lagos Weber, senador por Valpara\u00edso y vicepresidente del Senado; y Ana Lya Uriarte, exministra de la Segpres.<\/p>\n<p>Adem\u00e1s, Toh\u00e1 anunci\u00f3 a sus voceros de campa\u00f1a, quienes se encargar\u00e1n de los programas de medios y eventos p\u00fablicos. El Comit\u00e9 Pol\u00edtico de su campa\u00f1a tambi\u00e9n fue constituido, dirigido por Paulina Vodanovic, presidenta del PS.<\/p>\n<p>El comando de la campa\u00f1a funcionar\u00e1 en Londres 76, ubicado en el Barrio Par\u00eds-Londres, donde se encuentran las sedes de los cuatro partidos que respaldan a Toh\u00e1.<\/p>\n","protected":false},"excerpt":{"rendered":"<p>Este jueves, Carolina Toh\u00e1, precandidata presidencial del Socialismo Democr\u00e1tico (PPD, PS, PR y PL), present\u00f3 su equipo para las pr\u00f3ximas primarias. P\u00eda Mundaca ser\u00e1 jefa de campa\u00f1a, exdirectora ejecutiva de Espacio P\u00fablico y exjefa de gabinete del Ministerio del Interior. El senador Alfonso De Urresti asumir\u00e1 la responsabilidad como encargado electoral, mientras que Jos\u00e9 Toro, [&hellip;]<\/p>\n","protected":false},"author":2,"featured_media":15027,"comment_status":"closed","ping_status":"open","sticky":false,"template":"","format":"standard","meta":{"_jetpack_memberships_contains_paid_content":false,"jnews-multi-image_gallery":[],"jnews_single_post":[],"jnews_primary_category":[],"jnews_social_meta":[],"jnews_paywall_metabox":[],"jnews_review":[],"enable_review":"","type":"","name":"","summary":"","brand":"","sku":"","good":[],"bad":[],"score_override":"","override_value":"","rating":[],"price":[],"jnews_override_counter":[],"jnews_post_split":[],"footnotes":""},"categories":[83],"tags":[],"class_list":["post-15028","post","type-post","status-publish","format-standard","has-post-thumbnail","hentry","category-politica"],"jetpack_featured_media_url":"https:\/\/laserenaradio.cl\/web\/wp-content\/uploads\/2025\/05\/homepiaiextractoscrapimg_predeterminadalaserenaradio_politica-5.webp","jetpack_sharing_enabled":true,"_links":{"self":[{"href":"https:\/\/laserenaradio.cl\/web\/wp-json\/wp\/v2\/posts\/15028","targetHints":{"allow":["GET"]}}],"collection":[{"href":"https:\/\/laserenaradio.cl\/web\/wp-json\/wp\/v2\/posts"}],"about":[{"href":"https:\/\/laserenaradio.cl\/web\/wp-json\/wp\/v2\/types\/post"}],"author":[{"embeddable":true,"href":"https:\/\/laserenaradio.cl\/web\/wp-json\/wp\/v2\/users\/2"}],"replies":[{"embeddable":true,"href":"https:\/\/laserenaradio.cl\/web\/wp-json\/wp\/v2\/comments?post=15028"}],"version-history":[{"count":1,"href":"https:\/\/laserenaradio.cl\/web\/wp-json\/wp\/v2\/posts\/15028\/revisions"}],"predecessor-version":[{"id":15029,"href":"https:\/\/laserenaradio.cl\/web\/wp-json\/wp\/v2\/posts\/15028\/revisions\/15029"}],"wp:featuredmedia":[{"embeddable":true,"href":"https:\/\/laserenaradio.cl\/web\/wp-json\/wp\/v2\/media\/15027"}],"wp:attachment":[{"href":"https:\/\/laserenaradio.cl\/web\/wp-json\/wp\/v2\/media?parent=15028"}],"wp:term":[{"taxonomy":"category","embeddable":true,"href":"https:\/\/laserenaradio.cl\/web\/wp-json\/wp\/v2\/categories?post=15028"},{"taxonomy":"post_tag","embeddable":true,"href":"https:\/\/laserenaradio.cl\/web\/wp-json\/wp\/v2\/tags?post=15028"}],"curies":[{"name":"wp","href":"https:\/\/api.w.org\/{rel}","templated":true}]}}