{"id":15006,"date":"2025-05-08T13:17:15","date_gmt":"2025-05-08T16:17:15","guid":{"rendered":"https:\/\/laserenaradio.cl\/web\/?p=15006"},"modified":"2025-05-08T13:17:15","modified_gmt":"2025-05-08T16:17:15","slug":"la-vocera-de-gobierno-descarta-papel-del-presidente-boric-en-caso-procultura","status":"publish","type":"post","link":"https:\/\/laserenaradio.cl\/web\/2025\/05\/08\/la-vocera-de-gobierno-descarta-papel-del-presidente-boric-en-caso-procultura\/","title":{"rendered":"La vocera de Gobierno descarta papel del presidente Boric en caso Procultura"},"content":{"rendered":"<p>La vocera subrogante de Gobierno, Ais\u00e9n Etcheverry, calific\u00f3 como un \u201ctrascendido\u201d la interceptaci\u00f3n de una llamada telef\u00f3nica del presidente Gabriel Boric con la siquiatra Josefina Huneeus. Etcheverry asever\u00f3 que el mandatario no tiene \u201calg\u00fan rol\u201d en esta causa.<\/p>\n<p>Recordemos que, seg\u00fan public\u00f3 Ciper, se trat\u00f3 de un di\u00e1logo registrado en octubre del a\u00f1o pasado, en medio de las diligencias ordenadas por el fiscal regional de Coquimbo, Patricio Cooper. No obstante, por el momento, se desconocen detalles de la conversaci\u00f3n interceptada por la Polic\u00eda de Investigaciones (<a href=\"https:\/\/www.pdichile.cl\/\">PDI<\/a>).<\/p>\n<p>Consultada al respecto en entrevista con T13 Radio, la vocera (s) de La Moneda, Ais\u00e9n Etcheverry, apunt\u00f3 a un \u201ctrascendido\u201d la publicaci\u00f3n de la interceptaci\u00f3n de la llamada, descartando alg\u00fan papel del presidente Boric en el caso Procultura. \u201cEfectivamente, es un trascendido de un medio de comunicaci\u00f3n. Como hemos se\u00f1alado en otras ocasiones, los trascendidos, la verdad es que no nos podemos referir mucho a ellos porque no conocemos los antecedentes que hay detr\u00e1s\u201d, se\u00f1al\u00f3.<\/p>\n<p>Lo que s\u00ed podemos decir es que no ha existido ninguna notificaci\u00f3n al Presidente que nos permita suponer que \u00e9l tenga alg\u00fan papel en esta causa\u201d, a\u00f1adi\u00f3 la portavoz de La Moneda. \u201cPor lo tanto, estaremos a la espera de que el proceso avance y de entender bien qu\u00e9 es lo que ocurre\u201d, agreg\u00f3.<\/p>\n<p>La legalidad de una escucha telef\u00f3nica la determina un Tribunal de Justicia en un trabajo que hace con la <a href=\"https:\/\/www.fiscaliadechile.cl\/\">Fiscal\u00eda<\/a>, y por lo tanto, no tenemos absolutamente ning\u00fan antecedente para referirnos a nada de lo que se\u00f1ala esa nota, porque simplemente es un trascendido\u201d, reiter\u00f3. \u201cEs una nota que aparece en un medio que es bastante gen\u00e9rica, la investigaci\u00f3n tiene que seguir su curso y hasta ahora nosotros no hemos recibido ninguna notificaci\u00f3n que d\u00e9 cuenta de que el Presidente tiene alg\u00fan rol en esta causa, por lo tanto, la investigaci\u00f3n tiene que continuar y la <a href=\"https:\/\/www.fiscaliadechile.cl\/\">Fiscal\u00eda<\/a> seguir\u00e1 haciendo su trabajo\u201d, sentenci\u00f3.<\/p>\n<p>En ese sentido, Etcheverry confirm\u00f3 el v\u00ednculo entre el mandatario y la siquiatra, debido a que fue su paciente en 2018, cuando era diputado. \u201cEs de p\u00fablico conocimiento que Josefina Huneeus trat\u00f3 al Presidente en el 2018 cuando \u00e9l era diputado y se dio a conocer esto, que tambi\u00e9n es de p\u00fablico conocimiento, el trastorno obsesivo-compulsivo. Ella fue su psiquiatra en ese momento\u201d, detall\u00f3.<\/p>\n<p>Asimismo, la vocera (s) del Gobierno evit\u00f3 cuestionar a la <a href=\"https:\/\/www.fiscaliadechile.cl\/\">Fiscal\u00eda<\/a> por la interceptaci\u00f3n de la llamada del presidente Gabriel Boric, apuntando sus cr\u00edticas a la filtraci\u00f3n de este nuevo antecedente del Caso Procultura. \u201cRespecto de las filtraciones y todo lo que ha ocurrido, creo que todos, la <a href=\"https:\/\/www.fiscaliadechile.cl\/\">Fiscal\u00eda<\/a>, el Gobierno, los parlamentarios, la sociedad en su conjunto, estamos contestes en que no es bueno (\u2026) no contribuyen a que las causas avancen de buena manera\u201d, apunt\u00f3.<\/p>\n<p>Respecto del trabajo del Gobierno con la <a href=\"https:\/\/www.fiscaliadechile.cl\/\">Fiscal\u00eda<\/a>, creo que lo que hemos dicho se mantiene. Hemos estado siempre disponibles para apoyar a las causas. Se hizo ver una preocupaci\u00f3n leg\u00edtima la semana pasada\u201d, record\u00f3. No obstante, matiz\u00f3 sus dichos se\u00f1alando que \u201cnosotros siempre hemos sido muy respetuosos del actuar de la <a href=\"https:\/\/www.fiscaliadechile.cl\/\">Fiscal\u00eda<\/a>. La <a href=\"https:\/\/www.fiscaliadechile.cl\/\">Fiscal\u00eda<\/a> tiene que cumplir una funci\u00f3n, es un poder aut\u00f3nomo, y, por lo tanto, y lo dijo el propio Presidente, las instituciones tienen que funcionar\u201d.<\/p>\n","protected":false},"excerpt":{"rendered":"<p>La vocera subrogante de Gobierno, Ais\u00e9n Etcheverry, calific\u00f3 como un \u201ctrascendido\u201d la interceptaci\u00f3n de una llamada telef\u00f3nica del presidente Gabriel Boric con la siquiatra Josefina Huneeus. Etcheverry asever\u00f3 que el mandatario no tiene \u201calg\u00fan rol\u201d en esta causa. Recordemos que, seg\u00fan public\u00f3 Ciper, se trat\u00f3 de un di\u00e1logo registrado en octubre del a\u00f1o pasado, en [&hellip;]<\/p>\n","protected":false},"author":2,"featured_media":15005,"comment_status":"closed","ping_status":"open","sticky":false,"template":"","format":"standard","meta":{"_jetpack_memberships_contains_paid_content":false,"jnews-multi-image_gallery":[],"jnews_single_post":[],"jnews_primary_category":[],"jnews_social_meta":[],"jnews_paywall_metabox":[],"jnews_review":[],"enable_review":"","type":"","name":"","summary":"","brand":"","sku":"","good":[],"bad":[],"score_override":"","override_value":"","rating":[],"price":[],"jnews_override_counter":[],"jnews_post_split":[],"footnotes":""},"categories":[83],"tags":[],"class_list":["post-15006","post","type-post","status-publish","format-standard","has-post-thumbnail","hentry","category-politica"],"jetpack_featured_media_url":"https:\/\/laserenaradio.cl\/web\/wp-content\/uploads\/2025\/05\/homepiaiextractoscrapimg_predeterminadalaserenaradio_politica-4.webp","jetpack_sharing_enabled":true,"_links":{"self":[{"href":"https:\/\/laserenaradio.cl\/web\/wp-json\/wp\/v2\/posts\/15006","targetHints":{"allow":["GET"]}}],"collection":[{"href":"https:\/\/laserenaradio.cl\/web\/wp-json\/wp\/v2\/posts"}],"about":[{"href":"https:\/\/laserenaradio.cl\/web\/wp-json\/wp\/v2\/types\/post"}],"author":[{"embeddable":true,"href":"https:\/\/laserenaradio.cl\/web\/wp-json\/wp\/v2\/users\/2"}],"replies":[{"embeddable":true,"href":"https:\/\/laserenaradio.cl\/web\/wp-json\/wp\/v2\/comments?post=15006"}],"version-history":[{"count":1,"href":"https:\/\/laserenaradio.cl\/web\/wp-json\/wp\/v2\/posts\/15006\/revisions"}],"predecessor-version":[{"id":15007,"href":"https:\/\/laserenaradio.cl\/web\/wp-json\/wp\/v2\/posts\/15006\/revisions\/15007"}],"wp:featuredmedia":[{"embeddable":true,"href":"https:\/\/laserenaradio.cl\/web\/wp-json\/wp\/v2\/media\/15005"}],"wp:attachment":[{"href":"https:\/\/laserenaradio.cl\/web\/wp-json\/wp\/v2\/media?parent=15006"}],"wp:term":[{"taxonomy":"category","embeddable":true,"href":"https:\/\/laserenaradio.cl\/web\/wp-json\/wp\/v2\/categories?post=15006"},{"taxonomy":"post_tag","embeddable":true,"href":"https:\/\/laserenaradio.cl\/web\/wp-json\/wp\/v2\/tags?post=15006"}],"curies":[{"name":"wp","href":"https:\/\/api.w.org\/{rel}","templated":true}]}}