{"id":14991,"date":"2025-05-08T12:50:32","date_gmt":"2025-05-08T15:50:32","guid":{"rendered":"https:\/\/laserenaradio.cl\/web\/?p=14991"},"modified":"2025-05-08T12:50:32","modified_gmt":"2025-05-08T15:50:32","slug":"electorado-de-candidatos-presidenciales-muestra-perfil-ideologico-diverso","status":"publish","type":"post","link":"https:\/\/laserenaradio.cl\/web\/2025\/05\/08\/electorado-de-candidatos-presidenciales-muestra-perfil-ideologico-diverso\/","title":{"rendered":"Electorado de candidatos presidenciales muestra perfil ideol\u00f3gico diverso."},"content":{"rendered":"<p>Pese a pertenecer al mismo sector pol\u00edtico, Evelyn Matthei, Jos\u00e9 Antonio Kast y Johannes Kaiser representan electorados distintos. Matthei, abanderada de Chile Vamos, representa sectores moderados. En contraste, Kast, l\u00edder republicano, comparte algunas visiones pero se sit\u00faa m\u00e1s a la derecha econ\u00f3mica y autoritaria socialmente. Kaiser, diputado libertario, es considerado extremo.<\/p>\n<p>Seg\u00fan un estudio de Panel Ciudadano-UDD utilizando el modelo Political Compass, Matthei obtiene la ideolog\u00eda m\u00e1s moderada entre los tres candidatos. Su electorado se concentra en el centro-izquierda econ\u00f3mica y autoritarismo moderado, distanci\u00e1ndose tanto del liberalismo extrema como del conservadurismo duro.<\/p>\n<p>El estudio se\u00f1ala que matricularse gratuitamente universitariamente genera mayores diferencias con el electorado de Kast y Kaiser. Matthei y Kast comparten una menor preferencia por este beneficio educativo, mientras que Kaiser tiene postura m\u00e1s abierta sobre la gratuidad universitaria.<\/p>\n<p>En cuanto a Kast, su electorado se ubica en la derecha econ\u00f3mica moderada con autoritarismo claro socialmente. Sin embargo, aunque distanciados de Kaiser, sus votantes prefieren un orden y las normas con menor intervenci\u00f3n estatal en la econom\u00eda.<\/p>\n<p>Kaiser es el candidato m\u00e1s extremo tanto econ\u00f3micamente como socialmente. Su electorado rechaza firmemente sistemas de pensiones administradas por el Estado y apoya fuertemente el orden, las normas jer\u00e1rquicas.<\/p>\n<p>El estudio concluye que Kaiser es el candidato con postura m\u00e1s extrema, con menos afinidad para la intervenci\u00f3n estatal en la econom\u00eda.<\/p>\n","protected":false},"excerpt":{"rendered":"<p>Pese a pertenecer al mismo sector pol\u00edtico, Evelyn Matthei, Jos\u00e9 Antonio Kast y Johannes Kaiser representan electorados distintos. Matthei, abanderada de Chile Vamos, representa sectores moderados. En contraste, Kast, l\u00edder republicano, comparte algunas visiones pero se sit\u00faa m\u00e1s a la derecha econ\u00f3mica y autoritaria socialmente. Kaiser, diputado libertario, es considerado extremo. Seg\u00fan un estudio de [&hellip;]<\/p>\n","protected":false},"author":2,"featured_media":14990,"comment_status":"closed","ping_status":"open","sticky":false,"template":"","format":"standard","meta":{"_jetpack_memberships_contains_paid_content":false,"jnews-multi-image_gallery":[],"jnews_single_post":[],"jnews_primary_category":[],"jnews_social_meta":[],"jnews_paywall_metabox":[],"jnews_review":[],"enable_review":"","type":"","name":"","summary":"","brand":"","sku":"","good":[],"bad":[],"score_override":"","override_value":"","rating":[],"price":[],"jnews_override_counter":[],"jnews_post_split":[],"footnotes":""},"categories":[83],"tags":[],"class_list":["post-14991","post","type-post","status-publish","format-standard","has-post-thumbnail","hentry","category-politica"],"jetpack_featured_media_url":"https:\/\/laserenaradio.cl\/web\/wp-content\/uploads\/2025\/05\/homepiaiextractoscrapimg_webpKastelectoradoMatthei_1.webp","jetpack_sharing_enabled":true,"_links":{"self":[{"href":"https:\/\/laserenaradio.cl\/web\/wp-json\/wp\/v2\/posts\/14991","targetHints":{"allow":["GET"]}}],"collection":[{"href":"https:\/\/laserenaradio.cl\/web\/wp-json\/wp\/v2\/posts"}],"about":[{"href":"https:\/\/laserenaradio.cl\/web\/wp-json\/wp\/v2\/types\/post"}],"author":[{"embeddable":true,"href":"https:\/\/laserenaradio.cl\/web\/wp-json\/wp\/v2\/users\/2"}],"replies":[{"embeddable":true,"href":"https:\/\/laserenaradio.cl\/web\/wp-json\/wp\/v2\/comments?post=14991"}],"version-history":[{"count":1,"href":"https:\/\/laserenaradio.cl\/web\/wp-json\/wp\/v2\/posts\/14991\/revisions"}],"predecessor-version":[{"id":14992,"href":"https:\/\/laserenaradio.cl\/web\/wp-json\/wp\/v2\/posts\/14991\/revisions\/14992"}],"wp:featuredmedia":[{"embeddable":true,"href":"https:\/\/laserenaradio.cl\/web\/wp-json\/wp\/v2\/media\/14990"}],"wp:attachment":[{"href":"https:\/\/laserenaradio.cl\/web\/wp-json\/wp\/v2\/media?parent=14991"}],"wp:term":[{"taxonomy":"category","embeddable":true,"href":"https:\/\/laserenaradio.cl\/web\/wp-json\/wp\/v2\/categories?post=14991"},{"taxonomy":"post_tag","embeddable":true,"href":"https:\/\/laserenaradio.cl\/web\/wp-json\/wp\/v2\/tags?post=14991"}],"curies":[{"name":"wp","href":"https:\/\/api.w.org\/{rel}","templated":true}]}}