{"id":14985,"date":"2025-05-07T18:50:09","date_gmt":"2025-05-07T21:50:09","guid":{"rendered":"https:\/\/laserenaradio.cl\/web\/?p=14985"},"modified":"2025-05-07T18:50:09","modified_gmt":"2025-05-07T21:50:09","slug":"gobierno-recibio-un-duro-golpe-por-rechazo-del-proyecto-de-fraccionamiento-pesquero","status":"publish","type":"post","link":"https:\/\/laserenaradio.cl\/web\/2025\/05\/07\/gobierno-recibio-un-duro-golpe-por-rechazo-del-proyecto-de-fraccionamiento-pesquero\/","title":{"rendered":"Gobierno recibi\u00f3 un duro golpe por rechazo del proyecto de fraccionamiento pesquero."},"content":{"rendered":"<p>El Gobierno enfrenta obst\u00e1culos en la comisi\u00f3n mixta del fraccionamiento pesquero. La sesi\u00f3n matutina fue dominada por el rechazo a la licitaci\u00f3n de cuota adicional para jurel, con seis votos en contra. Subsecretario Julio Salas propuso una reducci\u00f3n gradual de la cuota a licitar y limitar los a\u00f1os de licitaci\u00f3n, pero sus sugerencias fueron desestimadas.<\/p>\n<p>En su presentaci\u00f3n, Salas tambi\u00e9n present\u00f3 medidas para incentivar peque\u00f1as empresas y prevenir participaci\u00f3n de &#8220;palos blancos&#8221; en las licitaciones. Adem\u00e1s, plante\u00f3 destinar una parte del ingreso a investigaci\u00f3n cient\u00edfica y capacitaci\u00f3n para trabajadores industriales.<\/p>\n<p>La falta de acuerdo refleja la complejidad financiera del proyecto, que depend\u00eda de esta licitaci\u00f3n. El Ejecutivo sostiene que necesita resolver el problema de desfinanciamiento para avanzar con el plan, lo cual es fundamental para el futuro del proyecto.<\/p>\n<p>En otro aspecto, se aprob\u00f3 la distribuci\u00f3n de anchoveta y sardina espa\u00f1ola entre sectores pesqueros artesanal e industrial. La proporci\u00f3n inicial establecida fue 55% para el artesanal y 45% para el industrial, con ajustes anuales seg\u00fan cumplimiento del sector industrial.<\/p>\n<p>Estos desarrollos muestran las tensiones y la importancia del proceso legislativo en la gesti\u00f3n pesquera chilena.<\/p>\n","protected":false},"excerpt":{"rendered":"<p>El Gobierno enfrenta obst\u00e1culos en la comisi\u00f3n mixta del fraccionamiento pesquero. La sesi\u00f3n matutina fue dominada por el rechazo a la licitaci\u00f3n de cuota adicional para jurel, con seis votos en contra. Subsecretario Julio Salas propuso una reducci\u00f3n gradual de la cuota a licitar y limitar los a\u00f1os de licitaci\u00f3n, pero sus sugerencias fueron desestimadas. [&hellip;]<\/p>\n","protected":false},"author":2,"featured_media":14984,"comment_status":"closed","ping_status":"open","sticky":false,"template":"","format":"standard","meta":{"_jetpack_memberships_contains_paid_content":false,"jnews-multi-image_gallery":[],"jnews_single_post":[],"jnews_primary_category":[],"jnews_social_meta":[],"jnews_paywall_metabox":[],"jnews_review":[],"enable_review":"","type":"","name":"","summary":"","brand":"","sku":"","good":[],"bad":[],"score_override":"","override_value":"","rating":[],"price":[],"jnews_override_counter":[],"jnews_post_split":[],"footnotes":""},"categories":[83],"tags":[],"class_list":["post-14985","post","type-post","status-publish","format-standard","has-post-thumbnail","hentry","category-politica"],"jetpack_featured_media_url":"https:\/\/laserenaradio.cl\/web\/wp-content\/uploads\/2025\/05\/homepiaiextractoscrapimg_webpindustrialfraccionamientopesquero_1.webp","jetpack_sharing_enabled":true,"_links":{"self":[{"href":"https:\/\/laserenaradio.cl\/web\/wp-json\/wp\/v2\/posts\/14985","targetHints":{"allow":["GET"]}}],"collection":[{"href":"https:\/\/laserenaradio.cl\/web\/wp-json\/wp\/v2\/posts"}],"about":[{"href":"https:\/\/laserenaradio.cl\/web\/wp-json\/wp\/v2\/types\/post"}],"author":[{"embeddable":true,"href":"https:\/\/laserenaradio.cl\/web\/wp-json\/wp\/v2\/users\/2"}],"replies":[{"embeddable":true,"href":"https:\/\/laserenaradio.cl\/web\/wp-json\/wp\/v2\/comments?post=14985"}],"version-history":[{"count":1,"href":"https:\/\/laserenaradio.cl\/web\/wp-json\/wp\/v2\/posts\/14985\/revisions"}],"predecessor-version":[{"id":14986,"href":"https:\/\/laserenaradio.cl\/web\/wp-json\/wp\/v2\/posts\/14985\/revisions\/14986"}],"wp:featuredmedia":[{"embeddable":true,"href":"https:\/\/laserenaradio.cl\/web\/wp-json\/wp\/v2\/media\/14984"}],"wp:attachment":[{"href":"https:\/\/laserenaradio.cl\/web\/wp-json\/wp\/v2\/media?parent=14985"}],"wp:term":[{"taxonomy":"category","embeddable":true,"href":"https:\/\/laserenaradio.cl\/web\/wp-json\/wp\/v2\/categories?post=14985"},{"taxonomy":"post_tag","embeddable":true,"href":"https:\/\/laserenaradio.cl\/web\/wp-json\/wp\/v2\/tags?post=14985"}],"curies":[{"name":"wp","href":"https:\/\/api.w.org\/{rel}","templated":true}]}}