{"id":14964,"date":"2025-05-07T18:23:30","date_gmt":"2025-05-07T21:23:30","guid":{"rendered":"https:\/\/laserenaradio.cl\/web\/?p=14964"},"modified":"2025-05-07T18:23:30","modified_gmt":"2025-05-07T21:23:30","slug":"encuesta-revela-desconocimiento-de-la-ciudadania-sobre-candidaturas-presidenciales","status":"publish","type":"post","link":"https:\/\/laserenaradio.cl\/web\/2025\/05\/07\/encuesta-revela-desconocimiento-de-la-ciudadania-sobre-candidaturas-presidenciales\/","title":{"rendered":"Encuesta revela desconocimiento de la ciudadan\u00eda sobre candidaturas presidenciales"},"content":{"rendered":"<p>Este mi\u00e9rcoles, el Centro de Estudios P\u00fablicos (CEP) emiti\u00f3 un nuevo reporte sobre la campa\u00f1a presidencial, revelando que la ciudadan\u00eda a\u00fan carece de suficiente conocimiento respecto a los candidatos. La encuesta muestra que Evelyn Matthei, candidata de Chile Vamos, mantiene el liderazgo con 15% de preferencia.<\/p>\n<p>En la pregunta &#8220;\u00bfqui\u00e9n le gustar\u00eda a usted que fuera la o el pr\u00f3ximo Presidente de Chile?&#8221;, Jos\u00e9 Antonio Kast del Partido Republicano obtuvo 11%, seguido por Johannes Kaiser del Partido Nacional Libertario, quien alcanz\u00f3 un 6%. Michelle Bachelet y Carolina Toh\u00e1 ganaron el apoyo del 4% de los encuestados. Tom\u00e1s Vodanovic logr\u00f3 el 2%, mientras que Jeannette Jara, Gonzalo Winter, Franco Parisi y Gabriel Boric obtuvieron solo el 1%.<\/p>\n<p>Sin embargo, un 52% del electorado no tiene una idea clara sobre qui\u00e9nes ser\u00edan sus preferidos. Este grupo representa una gran oportunidad para los candidatos a ganar su respaldo en la primera vuelta. Adem\u00e1s, la encuesta no menciona que los candidatos oficialistas enfrentar\u00e1n una primaria el 29 de junio, donde surgir\u00e1 un solo aspirante del sector gobiernista.<\/p>\n","protected":false},"excerpt":{"rendered":"<p>Este mi\u00e9rcoles, el Centro de Estudios P\u00fablicos (CEP) emiti\u00f3 un nuevo reporte sobre la campa\u00f1a presidencial, revelando que la ciudadan\u00eda a\u00fan carece de suficiente conocimiento respecto a los candidatos. La encuesta muestra que Evelyn Matthei, candidata de Chile Vamos, mantiene el liderazgo con 15% de preferencia. En la pregunta &#8220;\u00bfqui\u00e9n le gustar\u00eda a usted que [&hellip;]<\/p>\n","protected":false},"author":2,"featured_media":14963,"comment_status":"closed","ping_status":"open","sticky":false,"template":"","format":"standard","meta":{"_jetpack_memberships_contains_paid_content":false,"jnews-multi-image_gallery":[],"jnews_single_post":[],"jnews_primary_category":[],"jnews_social_meta":[],"jnews_paywall_metabox":[],"jnews_review":[],"enable_review":"","type":"","name":"","summary":"","brand":"","sku":"","good":[],"bad":[],"score_override":"","override_value":"","rating":[],"price":[],"jnews_override_counter":[],"jnews_post_split":[],"footnotes":""},"categories":[83],"tags":[],"class_list":["post-14964","post","type-post","status-publish","format-standard","has-post-thumbnail","hentry","category-politica"],"jetpack_featured_media_url":"https:\/\/laserenaradio.cl\/web\/wp-content\/uploads\/2025\/05\/homepiaiextractoscrapimg_webpcandidatosencuestasolo_1.webp","jetpack_sharing_enabled":true,"_links":{"self":[{"href":"https:\/\/laserenaradio.cl\/web\/wp-json\/wp\/v2\/posts\/14964","targetHints":{"allow":["GET"]}}],"collection":[{"href":"https:\/\/laserenaradio.cl\/web\/wp-json\/wp\/v2\/posts"}],"about":[{"href":"https:\/\/laserenaradio.cl\/web\/wp-json\/wp\/v2\/types\/post"}],"author":[{"embeddable":true,"href":"https:\/\/laserenaradio.cl\/web\/wp-json\/wp\/v2\/users\/2"}],"replies":[{"embeddable":true,"href":"https:\/\/laserenaradio.cl\/web\/wp-json\/wp\/v2\/comments?post=14964"}],"version-history":[{"count":1,"href":"https:\/\/laserenaradio.cl\/web\/wp-json\/wp\/v2\/posts\/14964\/revisions"}],"predecessor-version":[{"id":14965,"href":"https:\/\/laserenaradio.cl\/web\/wp-json\/wp\/v2\/posts\/14964\/revisions\/14965"}],"wp:featuredmedia":[{"embeddable":true,"href":"https:\/\/laserenaradio.cl\/web\/wp-json\/wp\/v2\/media\/14963"}],"wp:attachment":[{"href":"https:\/\/laserenaradio.cl\/web\/wp-json\/wp\/v2\/media?parent=14964"}],"wp:term":[{"taxonomy":"category","embeddable":true,"href":"https:\/\/laserenaradio.cl\/web\/wp-json\/wp\/v2\/categories?post=14964"},{"taxonomy":"post_tag","embeddable":true,"href":"https:\/\/laserenaradio.cl\/web\/wp-json\/wp\/v2\/tags?post=14964"}],"curies":[{"name":"wp","href":"https:\/\/api.w.org\/{rel}","templated":true}]}}