{"id":14961,"date":"2025-05-07T18:19:32","date_gmt":"2025-05-07T21:19:32","guid":{"rendered":"https:\/\/laserenaradio.cl\/web\/?p=14961"},"modified":"2025-05-07T18:19:32","modified_gmt":"2025-05-07T21:19:32","slug":"ministro-de-seguridad-publica-pide-disculpas-a-diputados-por-supuesta-encerrona","status":"publish","type":"post","link":"https:\/\/laserenaradio.cl\/web\/2025\/05\/07\/ministro-de-seguridad-publica-pide-disculpas-a-diputados-por-supuesta-encerrona\/","title":{"rendered":"Ministro de Seguridad P\u00fablica pide disculpas a diputados por supuesta &#8220;encerrona&#8221;."},"content":{"rendered":"<p>Este mi\u00e9rcoles, el Gobierno retir\u00f3 la suma urgencia al proyecto de ley sobre reglas del uso de fuerza (RUF), enviando un mensaje pol\u00edtico para alcanzar un acuerdo con diputados oficialistas. En este contexto, el ministro de Seguridad P\u00fablica, Luis Cordero, pidi\u00f3 disculpas a los legisladores.<\/p>\n<p>Las disculpas del secretario de Estado surgen tras conversaciones con parlamentarios oficialistas sobre cuestionamientos hacia el Gobierno por falta de transparencia en su postura frente a las RUF. <\/p>\n<p>Cordero explic\u00f3 que ayer, durante la sesi\u00f3n de la Comisi\u00f3n de Seguridad, tuvo una discusi\u00f3n con el diputado independiente PPD, Jaime Araya, quien le habr\u00eda acusado de haberles montado una encerrona.<\/p>\n<p>Frente a esto, Cordero reconoci\u00f3 el error y pidi\u00f3 disculpas, subrayando que fue una expresi\u00f3n impropia para la discusi\u00f3n jur\u00eddica y pol\u00edtica en curso.<\/p>\n","protected":false},"excerpt":{"rendered":"<p>Este mi\u00e9rcoles, el Gobierno retir\u00f3 la suma urgencia al proyecto de ley sobre reglas del uso de fuerza (RUF), enviando un mensaje pol\u00edtico para alcanzar un acuerdo con diputados oficialistas. En este contexto, el ministro de Seguridad P\u00fablica, Luis Cordero, pidi\u00f3 disculpas a los legisladores. Las disculpas del secretario de Estado surgen tras conversaciones con [&hellip;]<\/p>\n","protected":false},"author":2,"featured_media":14960,"comment_status":"closed","ping_status":"open","sticky":false,"template":"","format":"standard","meta":{"_jetpack_memberships_contains_paid_content":false,"jnews-multi-image_gallery":[],"jnews_single_post":[],"jnews_primary_category":[],"jnews_social_meta":[],"jnews_paywall_metabox":[],"jnews_review":[],"enable_review":"","type":"","name":"","summary":"","brand":"","sku":"","good":[],"bad":[],"score_override":"","override_value":"","rating":[],"price":[],"jnews_override_counter":[],"jnews_post_split":[],"footnotes":""},"categories":[83],"tags":[],"class_list":["post-14961","post","type-post","status-publish","format-standard","has-post-thumbnail","hentry","category-politica"],"jetpack_featured_media_url":"https:\/\/laserenaradio.cl\/web\/wp-content\/uploads\/2025\/05\/homepiaiextractoscrapimg_webpdisculpasSeguridadGobiernosobre_0.webp","jetpack_sharing_enabled":true,"_links":{"self":[{"href":"https:\/\/laserenaradio.cl\/web\/wp-json\/wp\/v2\/posts\/14961","targetHints":{"allow":["GET"]}}],"collection":[{"href":"https:\/\/laserenaradio.cl\/web\/wp-json\/wp\/v2\/posts"}],"about":[{"href":"https:\/\/laserenaradio.cl\/web\/wp-json\/wp\/v2\/types\/post"}],"author":[{"embeddable":true,"href":"https:\/\/laserenaradio.cl\/web\/wp-json\/wp\/v2\/users\/2"}],"replies":[{"embeddable":true,"href":"https:\/\/laserenaradio.cl\/web\/wp-json\/wp\/v2\/comments?post=14961"}],"version-history":[{"count":1,"href":"https:\/\/laserenaradio.cl\/web\/wp-json\/wp\/v2\/posts\/14961\/revisions"}],"predecessor-version":[{"id":14962,"href":"https:\/\/laserenaradio.cl\/web\/wp-json\/wp\/v2\/posts\/14961\/revisions\/14962"}],"wp:featuredmedia":[{"embeddable":true,"href":"https:\/\/laserenaradio.cl\/web\/wp-json\/wp\/v2\/media\/14960"}],"wp:attachment":[{"href":"https:\/\/laserenaradio.cl\/web\/wp-json\/wp\/v2\/media?parent=14961"}],"wp:term":[{"taxonomy":"category","embeddable":true,"href":"https:\/\/laserenaradio.cl\/web\/wp-json\/wp\/v2\/categories?post=14961"},{"taxonomy":"post_tag","embeddable":true,"href":"https:\/\/laserenaradio.cl\/web\/wp-json\/wp\/v2\/tags?post=14961"}],"curies":[{"name":"wp","href":"https:\/\/api.w.org\/{rel}","templated":true}]}}