{"id":14955,"date":"2025-05-07T18:16:01","date_gmt":"2025-05-07T21:16:01","guid":{"rendered":"https:\/\/laserenaradio.cl\/web\/?p=14955"},"modified":"2025-05-07T18:16:01","modified_gmt":"2025-05-07T21:16:01","slug":"jeannette-jara-propone-extender-carrera-de-carabineros-y-seguridad-ciudadana","status":"publish","type":"post","link":"https:\/\/laserenaradio.cl\/web\/2025\/05\/07\/jeannette-jara-propone-extender-carrera-de-carabineros-y-seguridad-ciudadana\/","title":{"rendered":"Jeannette Jara propone extender carrera de Carabineros y seguridad ciudadana."},"content":{"rendered":"<p>En su visita a la regi\u00f3n del B\u00edo B\u00edo, Jeannette Jara, precandidata presidencial y exministra del Trabajo, inform\u00f3 sobre sus propuestas para combatir el crimen organizado. <\/p>\n<p>Entre estas, destaca la idea de extender la carrera funcional de <a href=\"https:\/\/www.carabineros.cl\/\">Carabineros<\/a> para fortalecer su capacidad en materia de seguridad. <\/p>\n<p>Adem\u00e1s, Jara enfatiz\u00f3 que las transformaciones sociales no solo deben incluir crecimiento econ\u00f3mico sino tambi\u00e9n garantizar seguridad a los ciudadanos.<\/p>\n<p>Durante un encuentro con l\u00edderes sociales y autoridades locales en Coronel, la militante comunista subray\u00f3 el papel crucial de la seguridad p\u00fablica. <\/p>\n<p>En este sentido, Jara propuso medidas para fortalecer tanto el \u00e1mbito preventivo como las polic\u00edas en general.<\/p>\n<p>Sobre el debate del fraccionamiento pesquero, la precandidata presidencial se\u00f1al\u00f3 que la distribuci\u00f3n de cuotas debe ser m\u00e1s equilibrada entre los sectores artesanales e industriales. <\/p>\n<p>Tras un encuentro con pescadores de Lo Rojas, Jara tambi\u00e9n expres\u00f3 su esperanza en que la justicia act\u00fae r\u00e1pidamente en el caso Bruma.<\/p>\n<p>Finalmente, aludiendo a las demandas originadas por el estallido social, Jara coment\u00f3 que hay que hacerse cargo de los dolores del pueblo chileno.<\/p>\n","protected":false},"excerpt":{"rendered":"<p>En su visita a la regi\u00f3n del B\u00edo B\u00edo, Jeannette Jara, precandidata presidencial y exministra del Trabajo, inform\u00f3 sobre sus propuestas para combatir el crimen organizado. Entre estas, destaca la idea de extender la carrera funcional de Carabineros para fortalecer su capacidad en materia de seguridad. Adem\u00e1s, Jara enfatiz\u00f3 que las transformaciones sociales no solo [&hellip;]<\/p>\n","protected":false},"author":2,"featured_media":14954,"comment_status":"closed","ping_status":"open","sticky":false,"template":"","format":"standard","meta":{"_jetpack_memberships_contains_paid_content":false,"jnews-multi-image_gallery":[],"jnews_single_post":[],"jnews_primary_category":[],"jnews_social_meta":[],"jnews_paywall_metabox":[],"jnews_review":[],"enable_review":"","type":"","name":"","summary":"","brand":"","sku":"","good":[],"bad":[],"score_override":"","override_value":"","rating":[],"price":[],"jnews_override_counter":[],"jnews_post_split":[],"footnotes":""},"categories":[83],"tags":[],"class_list":["post-14955","post","type-post","status-publish","format-standard","has-post-thumbnail","hentry","category-politica"],"jetpack_featured_media_url":"https:\/\/laserenaradio.cl\/web\/wp-content\/uploads\/2025\/05\/homepiaiextractoscrapimg_webpseguridadJaraJeannetteJaraprecandidata_1.webp","jetpack_sharing_enabled":true,"_links":{"self":[{"href":"https:\/\/laserenaradio.cl\/web\/wp-json\/wp\/v2\/posts\/14955","targetHints":{"allow":["GET"]}}],"collection":[{"href":"https:\/\/laserenaradio.cl\/web\/wp-json\/wp\/v2\/posts"}],"about":[{"href":"https:\/\/laserenaradio.cl\/web\/wp-json\/wp\/v2\/types\/post"}],"author":[{"embeddable":true,"href":"https:\/\/laserenaradio.cl\/web\/wp-json\/wp\/v2\/users\/2"}],"replies":[{"embeddable":true,"href":"https:\/\/laserenaradio.cl\/web\/wp-json\/wp\/v2\/comments?post=14955"}],"version-history":[{"count":1,"href":"https:\/\/laserenaradio.cl\/web\/wp-json\/wp\/v2\/posts\/14955\/revisions"}],"predecessor-version":[{"id":14956,"href":"https:\/\/laserenaradio.cl\/web\/wp-json\/wp\/v2\/posts\/14955\/revisions\/14956"}],"wp:featuredmedia":[{"embeddable":true,"href":"https:\/\/laserenaradio.cl\/web\/wp-json\/wp\/v2\/media\/14954"}],"wp:attachment":[{"href":"https:\/\/laserenaradio.cl\/web\/wp-json\/wp\/v2\/media?parent=14955"}],"wp:term":[{"taxonomy":"category","embeddable":true,"href":"https:\/\/laserenaradio.cl\/web\/wp-json\/wp\/v2\/categories?post=14955"},{"taxonomy":"post_tag","embeddable":true,"href":"https:\/\/laserenaradio.cl\/web\/wp-json\/wp\/v2\/tags?post=14955"}],"curies":[{"name":"wp","href":"https:\/\/api.w.org\/{rel}","templated":true}]}}