{"id":14949,"date":"2025-05-07T18:11:32","date_gmt":"2025-05-07T21:11:32","guid":{"rendered":"https:\/\/laserenaradio.cl\/web\/?p=14949"},"modified":"2025-05-07T18:11:32","modified_gmt":"2025-05-07T21:11:32","slug":"alcalde-de-santiago-cambia-postura-sobre-continuidad-del-rector-interino","status":"publish","type":"post","link":"https:\/\/laserenaradio.cl\/web\/2025\/05\/07\/alcalde-de-santiago-cambia-postura-sobre-continuidad-del-rector-interino\/","title":{"rendered":"Alcalde de Santiago cambia postura sobre continuidad del rector interino."},"content":{"rendered":"<p>Este mi\u00e9rcoles, el alcalde de Santiago, Mario Desbordes (RN), modific\u00f3 su postura inicial y se\u00f1al\u00f3 que la continuidad del rector interino del Internado Nacional Barros Arana (INBA), Gonzalo Saavedra, est\u00e1 en evaluaci\u00f3n.<\/p>\n<p>Recordemos que el jefe comunal hab\u00eda descartado su remoci\u00f3n del cargo tras la filtraci\u00f3n del criticado audio en el que Saavedra se refer\u00eda despectivamente a los alumnos con Trastorno del Espectro Autista (TEA).<\/p>\n<p>El d\u00eda lunes, mencion\u00f3 que &#8220;desde mi mirada, como sostenedor, no est\u00e1 en discusi\u00f3n que siga siendo el rector interino mientras la rectora (Mar\u00eda Alejandra Benavides) est\u00e1 suspendida&#8221;.<\/p>\n<p>Sin embargo, hoy en conversaci\u00f3n con Radio Pauta, el alcalde cambi\u00f3 de postura. &#8220;Tengo que hacer el sumario primero y ah\u00ed veremos cu\u00e1l es el contexto general, qu\u00e9 fue lo que pas\u00f3. No quiero aventurar resultados de un sumario, no puedo hacerlo, hay un fiscal que es independiente y, por lo tanto, vamos a revisar la situaci\u00f3n&#8221;, dijo.<\/p>\n<p>&#8220;\u00bfEl director est\u00e1 confirmado en el cargo de manera interina? No, no est\u00e1 confirmado en el cargo, esto se est\u00e1 evaluando y \u00e9l pidi\u00f3 disculpas p\u00fablicas, aclar\u00f3 su frase&#8221;, asegur\u00f3.<\/p>\n<p>Asimismo, defendi\u00f3 la experiencia de Saavedra diciendo que &#8220;fue rector, lo hizo estupendo, es exalumno del INBA&#8221;.<\/p>\n<p>Finalmente, concluy\u00f3: &#8220;Hay gente que el otro d\u00eda le\u00eda en redes sociales, &#8216;ponen a cualquiera&#8217;. No, no, no pusimos a cualquiera, pusimos a una persona que ya tuvo una exitosa gesti\u00f3n&#8221;.<\/p>\n","protected":false},"excerpt":{"rendered":"<p>Este mi\u00e9rcoles, el alcalde de Santiago, Mario Desbordes (RN), modific\u00f3 su postura inicial y se\u00f1al\u00f3 que la continuidad del rector interino del Internado Nacional Barros Arana (INBA), Gonzalo Saavedra, est\u00e1 en evaluaci\u00f3n. Recordemos que el jefe comunal hab\u00eda descartado su remoci\u00f3n del cargo tras la filtraci\u00f3n del criticado audio en el que Saavedra se refer\u00eda [&hellip;]<\/p>\n","protected":false},"author":2,"featured_media":14948,"comment_status":"closed","ping_status":"open","sticky":false,"template":"","format":"standard","meta":{"_jetpack_memberships_contains_paid_content":false,"jnews-multi-image_gallery":[],"jnews_single_post":[],"jnews_primary_category":[],"jnews_social_meta":[],"jnews_paywall_metabox":[],"jnews_review":[],"enable_review":"","type":"","name":"","summary":"","brand":"","sku":"","good":[],"bad":[],"score_override":"","override_value":"","rating":[],"price":[],"jnews_override_counter":[],"jnews_post_split":[],"footnotes":""},"categories":[83],"tags":[],"class_list":["post-14949","post","type-post","status-publish","format-standard","has-post-thumbnail","hentry","category-politica"],"jetpack_featured_media_url":"https:\/\/laserenaradio.cl\/web\/wp-content\/uploads\/2025\/05\/homepiaiextractoscrapimg_webpAlcaldeSantiago_0.webp","jetpack_sharing_enabled":true,"_links":{"self":[{"href":"https:\/\/laserenaradio.cl\/web\/wp-json\/wp\/v2\/posts\/14949","targetHints":{"allow":["GET"]}}],"collection":[{"href":"https:\/\/laserenaradio.cl\/web\/wp-json\/wp\/v2\/posts"}],"about":[{"href":"https:\/\/laserenaradio.cl\/web\/wp-json\/wp\/v2\/types\/post"}],"author":[{"embeddable":true,"href":"https:\/\/laserenaradio.cl\/web\/wp-json\/wp\/v2\/users\/2"}],"replies":[{"embeddable":true,"href":"https:\/\/laserenaradio.cl\/web\/wp-json\/wp\/v2\/comments?post=14949"}],"version-history":[{"count":1,"href":"https:\/\/laserenaradio.cl\/web\/wp-json\/wp\/v2\/posts\/14949\/revisions"}],"predecessor-version":[{"id":14950,"href":"https:\/\/laserenaradio.cl\/web\/wp-json\/wp\/v2\/posts\/14949\/revisions\/14950"}],"wp:featuredmedia":[{"embeddable":true,"href":"https:\/\/laserenaradio.cl\/web\/wp-json\/wp\/v2\/media\/14948"}],"wp:attachment":[{"href":"https:\/\/laserenaradio.cl\/web\/wp-json\/wp\/v2\/media?parent=14949"}],"wp:term":[{"taxonomy":"category","embeddable":true,"href":"https:\/\/laserenaradio.cl\/web\/wp-json\/wp\/v2\/categories?post=14949"},{"taxonomy":"post_tag","embeddable":true,"href":"https:\/\/laserenaradio.cl\/web\/wp-json\/wp\/v2\/tags?post=14949"}],"curies":[{"name":"wp","href":"https:\/\/api.w.org\/{rel}","templated":true}]}}