{"id":14904,"date":"2025-05-06T21:09:48","date_gmt":"2025-05-07T00:09:48","guid":{"rendered":"https:\/\/laserenaradio.cl\/web\/?p=14904"},"modified":"2025-05-06T21:09:48","modified_gmt":"2025-05-07T00:09:48","slug":"claudio-orrego-defiende-a-desbordes-por-crisis-de-desorden-publico-en-santiago","status":"publish","type":"post","link":"https:\/\/laserenaradio.cl\/web\/2025\/05\/06\/claudio-orrego-defiende-a-desbordes-por-crisis-de-desorden-publico-en-santiago\/","title":{"rendered":"Claudio Orrego defiende a Desbordes por crisis de desorden p\u00fablico en Santiago."},"content":{"rendered":"<p>El Gobernador de Santiago, Claudio Orrego, respondi\u00f3 a Irac\u00ed Hassler defendiendo al alcalde Mario Desbordes. Hassler acus\u00f3 un retroceso en el barrio Meiggs desde la gesti\u00f3n de Desbordes, alegando que durante su administraci\u00f3n se produjeron avances.<\/p>\n<p>En una audiencia donde testific\u00f3 sobre la posible remoci\u00f3n del fiscal regional Patricio Cooper, Hassler afirm\u00f3: &#8220;Se han vuelto a tomar la calle los &#8216;toldos azules&#8217; y desde diciembre ha habido un empeoramiento de las condiciones en el barrio Meiggs&#8221;.<\/p>\n<p>Orrego argument\u00f3 que responsabilizar al alcalde reci\u00e9n instalado es injusto, ya que la crisis de desorden p\u00fablico se remonta a cinco a\u00f1os. Asegur\u00f3: &#8220;Me parece injusto responsabilizar a alguien que lleva cinco meses en su cargo por una crisis que lleva al menos cinco a\u00f1os de existencia&#8221;.<\/p>\n<p>Mencionando el estallido social, la pandemia y la inmigraci\u00f3n descontrolada como factores cruciales, Orrego se\u00f1al\u00f3: &#8220;Lo que est\u00e1 pasando en Meiggs es probablemente la expresi\u00f3n m\u00e1s simb\u00f3lica de lo que fue la crisis o la tormenta perfecta del estallido, la pandemia y la inmigraci\u00f3n descontrolada&#8221;. <\/p>\n<p>A\u00f1adi\u00f3: &#8220;No va a ser f\u00e1cil superarlo. Pero al igual que lo logramos con Alameda, creo que un plan bien estructurado con la coordinaci\u00f3n de todos los actores del nivel nacional, regional y local puede tener buenos frutos en un tema tan delicado y tan importante para la ciudad como erradicar el comercio ambulante de Meiggs&#8221;.<\/p>\n","protected":false},"excerpt":{"rendered":"<p>El Gobernador de Santiago, Claudio Orrego, respondi\u00f3 a Irac\u00ed Hassler defendiendo al alcalde Mario Desbordes. Hassler acus\u00f3 un retroceso en el barrio Meiggs desde la gesti\u00f3n de Desbordes, alegando que durante su administraci\u00f3n se produjeron avances. En una audiencia donde testific\u00f3 sobre la posible remoci\u00f3n del fiscal regional Patricio Cooper, Hassler afirm\u00f3: &#8220;Se han vuelto [&hellip;]<\/p>\n","protected":false},"author":2,"featured_media":14903,"comment_status":"closed","ping_status":"open","sticky":false,"template":"","format":"standard","meta":{"_jetpack_memberships_contains_paid_content":false,"jnews-multi-image_gallery":[],"jnews_single_post":[],"jnews_primary_category":[],"jnews_social_meta":[],"jnews_paywall_metabox":[],"jnews_review":[],"enable_review":"","type":"","name":"","summary":"","brand":"","sku":"","good":[],"bad":[],"score_override":"","override_value":"","rating":[],"price":[],"jnews_override_counter":[],"jnews_post_split":[],"footnotes":""},"categories":[83],"tags":[],"class_list":["post-14904","post","type-post","status-publish","format-standard","has-post-thumbnail","hentry","category-politica"],"jetpack_featured_media_url":"https:\/\/laserenaradio.cl\/web\/wp-content\/uploads\/2025\/05\/homepiaiextractoscrapimg_webpMeiggscrisisHasslercinco_1.webp","jetpack_sharing_enabled":true,"_links":{"self":[{"href":"https:\/\/laserenaradio.cl\/web\/wp-json\/wp\/v2\/posts\/14904","targetHints":{"allow":["GET"]}}],"collection":[{"href":"https:\/\/laserenaradio.cl\/web\/wp-json\/wp\/v2\/posts"}],"about":[{"href":"https:\/\/laserenaradio.cl\/web\/wp-json\/wp\/v2\/types\/post"}],"author":[{"embeddable":true,"href":"https:\/\/laserenaradio.cl\/web\/wp-json\/wp\/v2\/users\/2"}],"replies":[{"embeddable":true,"href":"https:\/\/laserenaradio.cl\/web\/wp-json\/wp\/v2\/comments?post=14904"}],"version-history":[{"count":1,"href":"https:\/\/laserenaradio.cl\/web\/wp-json\/wp\/v2\/posts\/14904\/revisions"}],"predecessor-version":[{"id":14905,"href":"https:\/\/laserenaradio.cl\/web\/wp-json\/wp\/v2\/posts\/14904\/revisions\/14905"}],"wp:featuredmedia":[{"embeddable":true,"href":"https:\/\/laserenaradio.cl\/web\/wp-json\/wp\/v2\/media\/14903"}],"wp:attachment":[{"href":"https:\/\/laserenaradio.cl\/web\/wp-json\/wp\/v2\/media?parent=14904"}],"wp:term":[{"taxonomy":"category","embeddable":true,"href":"https:\/\/laserenaradio.cl\/web\/wp-json\/wp\/v2\/categories?post=14904"},{"taxonomy":"post_tag","embeddable":true,"href":"https:\/\/laserenaradio.cl\/web\/wp-json\/wp\/v2\/tags?post=14904"}],"curies":[{"name":"wp","href":"https:\/\/api.w.org\/{rel}","templated":true}]}}