{"id":14898,"date":"2025-05-06T21:05:25","date_gmt":"2025-05-07T00:05:25","guid":{"rendered":"https:\/\/laserenaradio.cl\/web\/?p=14898"},"modified":"2025-05-06T21:05:25","modified_gmt":"2025-05-07T00:05:25","slug":"franco-parisi-se-postula-como-candidato-presidencial-del-partido-de-la-gente","status":"publish","type":"post","link":"https:\/\/laserenaradio.cl\/web\/2025\/05\/06\/franco-parisi-se-postula-como-candidato-presidencial-del-partido-de-la-gente\/","title":{"rendered":"Franco Parisi se postula como candidato presidencial del Partido de la Gente."},"content":{"rendered":"<p>Desde la Sede del Congreso en Santiago, Franco Parisi fue proclamado oficialmente como candidato presidencial del Partido de la Gente (PDG). En 2021, el economista logr\u00f3 el tercer lugar en las elecciones presidenciales y ahora se ilusiona con dar una nueva sorpresa en los comicios de noviembre pr\u00f3ximo.<\/p>\n<p>Paris\u00ed sostuvo que &#8220;nos hemos dado cuenta de que la izquierda y la derecha trabajan solamente para ellos. Todos est\u00e1n gorditos y enamorados, ganando mucha plata, pero la clase media est\u00e1 pas\u00e1ndolo mal&#8221;. Es por esto que el candidato se propone recuperar el 13% de la votaci\u00f3n del 2021.<\/p>\n<p>Adem\u00e1s, Parisi critic\u00f3 a Jos\u00e9 Antonio Kast y su tienda pol\u00edtica, asegurando que &#8220;una cosa que nosotros aprendimos en pol\u00edtica es el p\u00f3ker del mentiroso&#8221;. Acus\u00f3 a Republicanos de haber rompido un acuerdo para no presentar candidatos por Valpara\u00edso, pero luego levantaron a un p\u00e9simo candidato a trav\u00e9s de encuestas mentirosas. El resultado fue la p\u00e9rdida deValpara\u00edso.<\/p>\n<p>Finalmente, el abanderado del PDG pronostic\u00f3 que en las elecciones de fin de a\u00f1o sacar\u00e1n &#8220;entre ocho a diez diputados y uno o dos senadores&#8221;. Parisi agreg\u00f3 que &#8220;ya le gan\u00e9 a Chile Vamos y ahora, con el equipo que tenemos, le vamos a ganar de nuevo&#8221;, reafirmando su confianza en seguir avanzando.<\/p>\n","protected":false},"excerpt":{"rendered":"<p>Desde la Sede del Congreso en Santiago, Franco Parisi fue proclamado oficialmente como candidato presidencial del Partido de la Gente (PDG). En 2021, el economista logr\u00f3 el tercer lugar en las elecciones presidenciales y ahora se ilusiona con dar una nueva sorpresa en los comicios de noviembre pr\u00f3ximo. Paris\u00ed sostuvo que &#8220;nos hemos dado cuenta [&hellip;]<\/p>\n","protected":false},"author":2,"featured_media":14897,"comment_status":"closed","ping_status":"open","sticky":false,"template":"","format":"standard","meta":{"_jetpack_memberships_contains_paid_content":false,"jnews-multi-image_gallery":[],"jnews_single_post":[],"jnews_primary_category":[],"jnews_social_meta":[],"jnews_paywall_metabox":[],"jnews_review":[],"enable_review":"","type":"","name":"","summary":"","brand":"","sku":"","good":[],"bad":[],"score_override":"","override_value":"","rating":[],"price":[],"jnews_override_counter":[],"jnews_post_split":[],"footnotes":""},"categories":[83],"tags":[],"class_list":["post-14898","post","type-post","status-publish","format-standard","has-post-thumbnail","hentry","category-politica"],"jetpack_featured_media_url":"https:\/\/laserenaradio.cl\/web\/wp-content\/uploads\/2025\/05\/homepiaiextractoscrapimg_webpcandidatoFrancoParisipresidencialPartido_1.webp","jetpack_sharing_enabled":true,"_links":{"self":[{"href":"https:\/\/laserenaradio.cl\/web\/wp-json\/wp\/v2\/posts\/14898","targetHints":{"allow":["GET"]}}],"collection":[{"href":"https:\/\/laserenaradio.cl\/web\/wp-json\/wp\/v2\/posts"}],"about":[{"href":"https:\/\/laserenaradio.cl\/web\/wp-json\/wp\/v2\/types\/post"}],"author":[{"embeddable":true,"href":"https:\/\/laserenaradio.cl\/web\/wp-json\/wp\/v2\/users\/2"}],"replies":[{"embeddable":true,"href":"https:\/\/laserenaradio.cl\/web\/wp-json\/wp\/v2\/comments?post=14898"}],"version-history":[{"count":1,"href":"https:\/\/laserenaradio.cl\/web\/wp-json\/wp\/v2\/posts\/14898\/revisions"}],"predecessor-version":[{"id":14899,"href":"https:\/\/laserenaradio.cl\/web\/wp-json\/wp\/v2\/posts\/14898\/revisions\/14899"}],"wp:featuredmedia":[{"embeddable":true,"href":"https:\/\/laserenaradio.cl\/web\/wp-json\/wp\/v2\/media\/14897"}],"wp:attachment":[{"href":"https:\/\/laserenaradio.cl\/web\/wp-json\/wp\/v2\/media?parent=14898"}],"wp:term":[{"taxonomy":"category","embeddable":true,"href":"https:\/\/laserenaradio.cl\/web\/wp-json\/wp\/v2\/categories?post=14898"},{"taxonomy":"post_tag","embeddable":true,"href":"https:\/\/laserenaradio.cl\/web\/wp-json\/wp\/v2\/tags?post=14898"}],"curies":[{"name":"wp","href":"https:\/\/api.w.org\/{rel}","templated":true}]}}