{"id":14763,"date":"2025-05-04T16:56:50","date_gmt":"2025-05-04T19:56:50","guid":{"rendered":"https:\/\/laserenaradio.cl\/web\/?p=14763"},"modified":"2025-05-04T16:56:50","modified_gmt":"2025-05-04T19:56:50","slug":"jeannette-jara-descarta-conflicto-de-interes-entre-toha-y-marcel","status":"publish","type":"post","link":"https:\/\/laserenaradio.cl\/web\/2025\/05\/04\/jeannette-jara-descarta-conflicto-de-interes-entre-toha-y-marcel\/","title":{"rendered":"Jeannette Jara descarta conflicto de inter\u00e9s entre Toh\u00e1 y Marcel"},"content":{"rendered":"<p>Jeannette Jara, candidata presidencial del Partido Comunista (PC), se refiri\u00f3 a la relaci\u00f3n amorosa entre Carolina Toh\u00e1 y Mario Marcel en una reciente entrevista. Durante el programa Mesa Central de Canal 13, Jara descart\u00f3 que existiera un conflicto de inter\u00e9s en su gesti\u00f3n con Marcel como jefe de la billetera fiscal.<\/p>\n<p>\u201cNo vi nada que diera cuenta de eso\u201d, expres\u00f3 Jara, asegurando que mientras estuvieron en el Gobierno, Marcel no mostr\u00f3 ning\u00fan favoritismo. \u201cSer\u00eda muy injusto que pudiera opinar sobre algo que no viv\u00ed y no experiment\u00e9. En mi caso, al menos lo descarto\u201d, agreg\u00f3.<\/p>\n<p>Con respecto a su trabajo diario con Marcel, Jara narr\u00f3: &#8220;Pasamos largas horas, d\u00edas e incluso noches trabajando en los temas que nos convocaban. Y no sent\u00ed nunca un trato distinto como el que hubiese tenido \u00e9l con cualquier otra ministra o ministro&#8221;. Seg\u00fan la candidata, \u201cno sent\u00ed ning\u00fan tipo de favoritismo ni discriminaci\u00f3n, ya sea positivo o negativo; m\u00e1s bien una concentraci\u00f3n en el trabajo con seriedad\u201d.<\/p>\n<p>Finalmente, Jara resalt\u00f3 la calidad del trabajo desarrollado durante su mandato: &#8220;Tuvimos la oportunidad de desarrollar un trabajo bueno, serio y bien comprometido. Y con alta intensidad, adem\u00e1s&#8221;.<\/p>\n","protected":false},"excerpt":{"rendered":"<p>Jeannette Jara, candidata presidencial del Partido Comunista (PC), se refiri\u00f3 a la relaci\u00f3n amorosa entre Carolina Toh\u00e1 y Mario Marcel en una reciente entrevista. Durante el programa Mesa Central de Canal 13, Jara descart\u00f3 que existiera un conflicto de inter\u00e9s en su gesti\u00f3n con Marcel como jefe de la billetera fiscal. \u201cNo vi nada que [&hellip;]<\/p>\n","protected":false},"author":2,"featured_media":14762,"comment_status":"closed","ping_status":"open","sticky":false,"template":"","format":"standard","meta":{"_jetpack_memberships_contains_paid_content":false,"jnews-multi-image_gallery":[],"jnews_single_post":[],"jnews_primary_category":[],"jnews_social_meta":[],"jnews_paywall_metabox":[],"jnews_review":[],"enable_review":"","type":"","name":"","summary":"","brand":"","sku":"","good":[],"bad":[],"score_override":"","override_value":"","rating":[],"price":[],"jnews_override_counter":[],"jnews_post_split":[],"footnotes":""},"categories":[83],"tags":[],"class_list":["post-14763","post","type-post","status-publish","format-standard","has-post-thumbnail","hentry","category-politica"],"jetpack_featured_media_url":"https:\/\/laserenaradio.cl\/web\/wp-content\/uploads\/2025\/05\/homepiaiextractoscrapimg_webpJaraMarceltrabajoJeannetteJara_1.webp","jetpack_sharing_enabled":true,"_links":{"self":[{"href":"https:\/\/laserenaradio.cl\/web\/wp-json\/wp\/v2\/posts\/14763","targetHints":{"allow":["GET"]}}],"collection":[{"href":"https:\/\/laserenaradio.cl\/web\/wp-json\/wp\/v2\/posts"}],"about":[{"href":"https:\/\/laserenaradio.cl\/web\/wp-json\/wp\/v2\/types\/post"}],"author":[{"embeddable":true,"href":"https:\/\/laserenaradio.cl\/web\/wp-json\/wp\/v2\/users\/2"}],"replies":[{"embeddable":true,"href":"https:\/\/laserenaradio.cl\/web\/wp-json\/wp\/v2\/comments?post=14763"}],"version-history":[{"count":1,"href":"https:\/\/laserenaradio.cl\/web\/wp-json\/wp\/v2\/posts\/14763\/revisions"}],"predecessor-version":[{"id":14764,"href":"https:\/\/laserenaradio.cl\/web\/wp-json\/wp\/v2\/posts\/14763\/revisions\/14764"}],"wp:featuredmedia":[{"embeddable":true,"href":"https:\/\/laserenaradio.cl\/web\/wp-json\/wp\/v2\/media\/14762"}],"wp:attachment":[{"href":"https:\/\/laserenaradio.cl\/web\/wp-json\/wp\/v2\/media?parent=14763"}],"wp:term":[{"taxonomy":"category","embeddable":true,"href":"https:\/\/laserenaradio.cl\/web\/wp-json\/wp\/v2\/categories?post=14763"},{"taxonomy":"post_tag","embeddable":true,"href":"https:\/\/laserenaradio.cl\/web\/wp-json\/wp\/v2\/tags?post=14763"}],"curies":[{"name":"wp","href":"https:\/\/api.w.org\/{rel}","templated":true}]}}