{"id":14751,"date":"2025-05-04T14:55:42","date_gmt":"2025-05-04T17:55:42","guid":{"rendered":"https:\/\/laserenaradio.cl\/web\/?p=14751"},"modified":"2025-05-04T14:55:42","modified_gmt":"2025-05-04T17:55:42","slug":"jeannette-jara-arremete-contra-codelco-y-sqm-por-litio","status":"publish","type":"post","link":"https:\/\/laserenaradio.cl\/web\/2025\/05\/04\/jeannette-jara-arremete-contra-codelco-y-sqm-por-litio\/","title":{"rendered":"Jeannette Jara arremete contra Codelco y SQM por litio"},"content":{"rendered":"<p>Jeannette Jara, candidata presidencial del Partido Comunista, reiter\u00f3 en el programa Mesa Central que revisar\u00eda el acuerdo entre Codelco y SQM para explotar litio en el Salar de Atacama si llega al poder. Destac\u00f3 la importancia de estos recursos quedando &#8220;en manos de todos los chilenos&#8221;. Su pol\u00edtica incluir\u00eda una empresa p\u00fablica operando este mineral, subrayando que el expertise del Estado puede ser adquirido y desarrollado.<\/p>\n<p>Adem\u00e1s, Jara enfatiz\u00f3 que busca profundizar cambios en pol\u00edticas actuales. Como ejemplo, mencion\u00f3 la necesidad de terminar con las AFP, no por capricho, sino porque estos sistemas no resuelven problemas de pensiones y operan como empresas comerciales, lo cual va en contra del sistema de seguridad social. Para lograr esta transformaci\u00f3n, se requiere &#8220;una mayor\u00eda social&#8221; y apoyo legislativo.<\/p>\n<p>En sus palabras, Jara afirm\u00f3: &#8220;Quiero hacer m\u00e1s cambios (&#8230;) quiero terminar con las AFP&#8221;.<\/p>\n","protected":false},"excerpt":{"rendered":"<p>Jeannette Jara, candidata presidencial del Partido Comunista, reiter\u00f3 en el programa Mesa Central que revisar\u00eda el acuerdo entre Codelco y SQM para explotar litio en el Salar de Atacama si llega al poder. Destac\u00f3 la importancia de estos recursos quedando &#8220;en manos de todos los chilenos&#8221;. Su pol\u00edtica incluir\u00eda una empresa p\u00fablica operando este mineral, [&hellip;]<\/p>\n","protected":false},"author":2,"featured_media":14750,"comment_status":"closed","ping_status":"open","sticky":false,"template":"","format":"standard","meta":{"_jetpack_memberships_contains_paid_content":false,"jnews-multi-image_gallery":[],"jnews_single_post":[],"jnews_primary_category":[],"jnews_social_meta":[],"jnews_paywall_metabox":[],"jnews_review":[],"enable_review":"","type":"","name":"","summary":"","brand":"","sku":"","good":[],"bad":[],"score_override":"","override_value":"","rating":[],"price":[],"jnews_override_counter":[],"jnews_post_split":[],"footnotes":""},"categories":[83],"tags":[],"class_list":["post-14751","post","type-post","status-publish","format-standard","has-post-thumbnail","hentry","category-politica"],"jetpack_featured_media_url":"https:\/\/laserenaradio.cl\/web\/wp-content\/uploads\/2025\/05\/homepiaiextractoscrapimg_webpJeannetteJaraCodelcolitioestos_0.webp","jetpack_sharing_enabled":true,"_links":{"self":[{"href":"https:\/\/laserenaradio.cl\/web\/wp-json\/wp\/v2\/posts\/14751","targetHints":{"allow":["GET"]}}],"collection":[{"href":"https:\/\/laserenaradio.cl\/web\/wp-json\/wp\/v2\/posts"}],"about":[{"href":"https:\/\/laserenaradio.cl\/web\/wp-json\/wp\/v2\/types\/post"}],"author":[{"embeddable":true,"href":"https:\/\/laserenaradio.cl\/web\/wp-json\/wp\/v2\/users\/2"}],"replies":[{"embeddable":true,"href":"https:\/\/laserenaradio.cl\/web\/wp-json\/wp\/v2\/comments?post=14751"}],"version-history":[{"count":1,"href":"https:\/\/laserenaradio.cl\/web\/wp-json\/wp\/v2\/posts\/14751\/revisions"}],"predecessor-version":[{"id":14752,"href":"https:\/\/laserenaradio.cl\/web\/wp-json\/wp\/v2\/posts\/14751\/revisions\/14752"}],"wp:featuredmedia":[{"embeddable":true,"href":"https:\/\/laserenaradio.cl\/web\/wp-json\/wp\/v2\/media\/14750"}],"wp:attachment":[{"href":"https:\/\/laserenaradio.cl\/web\/wp-json\/wp\/v2\/media?parent=14751"}],"wp:term":[{"taxonomy":"category","embeddable":true,"href":"https:\/\/laserenaradio.cl\/web\/wp-json\/wp\/v2\/categories?post=14751"},{"taxonomy":"post_tag","embeddable":true,"href":"https:\/\/laserenaradio.cl\/web\/wp-json\/wp\/v2\/tags?post=14751"}],"curies":[{"name":"wp","href":"https:\/\/api.w.org\/{rel}","templated":true}]}}