{"id":14739,"date":"2025-05-04T11:29:25","date_gmt":"2025-05-04T14:29:25","guid":{"rendered":"https:\/\/laserenaradio.cl\/web\/?p=14739"},"modified":"2025-05-04T11:29:25","modified_gmt":"2025-05-04T14:29:25","slug":"se-tramita-ley-gabito-agravacion-de-penas-por-accidentes-vehiculares","status":"publish","type":"post","link":"https:\/\/laserenaradio.cl\/web\/2025\/05\/04\/se-tramita-ley-gabito-agravacion-de-penas-por-accidentes-vehiculares\/","title":{"rendered":"Se tramita Ley Gabito: Agravaci\u00f3n de penas por accidentes vehiculares"},"content":{"rendered":"<p>La C\u00e1mara de Diputados tramitar\u00e1 un proyecto de ley para agravar las penas de conductores que protagonicen accidentes vehiculares sin licencia de conducir. Esta iniciativa surge en Valdivia tras el fatal atropello de un ni\u00f1o de 7 a\u00f1os, conocido como &#8220;Ley Gabito&#8221;. El diputado Marcos Ilabaca (PS) propone modificar la ley de tr\u00e1nsito y el c\u00f3digo penal para incrementar las sanciones a ciertas conductas relacionadas con la conducci\u00f3n.<\/p>\n<p>La normativa se implementa tras la muerte de Gabriel Celed\u00f3n, de 7 a\u00f1os, en junio de 2024, en el sector Isla Teja Valdivia. El ni\u00f1o fue atropellado junto a su abuela por una conductora que, al momento del hecho, no ten\u00eda licencia y conduc\u00eda en sentido contrario al tr\u00e1nsito, sin prestar atenci\u00f3n a las condiciones viales. La acusaci\u00f3n de la <a href=\"https:\/\/www.fiscaliadechile.cl\/\">Fiscal\u00eda<\/a> mantiene a la imputada en prisi\u00f3n preventiva.<\/p>\n<p>El proyecto ingresado al Congreso busca aumentar las penas para quienes conduzcan sin licencia y faciliten veh\u00edculos a personas no habilitadas, entre otros aspectos. Adem\u00e1s, si la v\u00edctima es un menor de edad, adulto mayor o persona con discapacidad, se buscar\u00e1 aplicar el m\u00e1ximo de pena.<\/p>\n<p>Alejandro Celed\u00f3n, padre de Gabriel, valor\u00f3 positivamente esta acci\u00f3n legislativa. Para el diputado Ilabaca, la normativa busca establecer est\u00e1ndares claros en cuanto al da\u00f1o causado por estas conductas. Carla Amtmann, alcaldesa de Valdivia, espera que el Congreso apruebe &#8220;Ley Gabito&#8221;. La fiscal\u00eda ya present\u00f3 acusaci\u00f3n por los delitos de homicidio simple y lesiones graves, solicitando 18 a\u00f1os de c\u00e1rcel para la imputada.<\/p>\n","protected":false},"excerpt":{"rendered":"<p>La C\u00e1mara de Diputados tramitar\u00e1 un proyecto de ley para agravar las penas de conductores que protagonicen accidentes vehiculares sin licencia de conducir. Esta iniciativa surge en Valdivia tras el fatal atropello de un ni\u00f1o de 7 a\u00f1os, conocido como &#8220;Ley Gabito&#8221;. El diputado Marcos Ilabaca (PS) propone modificar la ley de tr\u00e1nsito y el [&hellip;]<\/p>\n","protected":false},"author":2,"featured_media":14738,"comment_status":"closed","ping_status":"open","sticky":false,"template":"","format":"standard","meta":{"_jetpack_memberships_contains_paid_content":false,"jnews-multi-image_gallery":[],"jnews_single_post":[],"jnews_primary_category":[],"jnews_social_meta":[],"jnews_paywall_metabox":[],"jnews_review":[],"enable_review":"","type":"","name":"","summary":"","brand":"","sku":"","good":[],"bad":[],"score_override":"","override_value":"","rating":[],"price":[],"jnews_override_counter":[],"jnews_post_split":[],"footnotes":""},"categories":[83],"tags":[],"class_list":["post-14739","post","type-post","status-publish","format-standard","has-post-thumbnail","hentry","category-politica"],"jetpack_featured_media_url":"https:\/\/laserenaradio.cl\/web\/wp-content\/uploads\/2025\/05\/homepiaiextractoscrapimg_predeterminadalaserenaradio_politica-2.webp","jetpack_sharing_enabled":true,"_links":{"self":[{"href":"https:\/\/laserenaradio.cl\/web\/wp-json\/wp\/v2\/posts\/14739","targetHints":{"allow":["GET"]}}],"collection":[{"href":"https:\/\/laserenaradio.cl\/web\/wp-json\/wp\/v2\/posts"}],"about":[{"href":"https:\/\/laserenaradio.cl\/web\/wp-json\/wp\/v2\/types\/post"}],"author":[{"embeddable":true,"href":"https:\/\/laserenaradio.cl\/web\/wp-json\/wp\/v2\/users\/2"}],"replies":[{"embeddable":true,"href":"https:\/\/laserenaradio.cl\/web\/wp-json\/wp\/v2\/comments?post=14739"}],"version-history":[{"count":1,"href":"https:\/\/laserenaradio.cl\/web\/wp-json\/wp\/v2\/posts\/14739\/revisions"}],"predecessor-version":[{"id":14740,"href":"https:\/\/laserenaradio.cl\/web\/wp-json\/wp\/v2\/posts\/14739\/revisions\/14740"}],"wp:featuredmedia":[{"embeddable":true,"href":"https:\/\/laserenaradio.cl\/web\/wp-json\/wp\/v2\/media\/14738"}],"wp:attachment":[{"href":"https:\/\/laserenaradio.cl\/web\/wp-json\/wp\/v2\/media?parent=14739"}],"wp:term":[{"taxonomy":"category","embeddable":true,"href":"https:\/\/laserenaradio.cl\/web\/wp-json\/wp\/v2\/categories?post=14739"},{"taxonomy":"post_tag","embeddable":true,"href":"https:\/\/laserenaradio.cl\/web\/wp-json\/wp\/v2\/tags?post=14739"}],"curies":[{"name":"wp","href":"https:\/\/api.w.org\/{rel}","templated":true}]}}