{"id":14715,"date":"2025-05-04T00:13:42","date_gmt":"2025-05-04T03:13:42","guid":{"rendered":"https:\/\/laserenaradio.cl\/web\/?p=14715"},"modified":"2025-05-04T00:13:42","modified_gmt":"2025-05-04T03:13:42","slug":"carolina-toha-confirma-su-relacion-con-mario-marcel","status":"publish","type":"post","link":"https:\/\/laserenaradio.cl\/web\/2025\/05\/04\/carolina-toha-confirma-su-relacion-con-mario-marcel\/","title":{"rendered":"Carolina Toh\u00e1 confirma su relaci\u00f3n con Mario Marcel."},"content":{"rendered":"<p>Carolina Toh\u00e1, candidata presidencial del Socialismo Democr\u00e1tico, confirm\u00f3 su relaci\u00f3n con el ministro de Hacienda Mario Marcel. En entrevista con La Tercera, la exministra del Interior ratific\u00f3 lo que ya se conoc\u00eda entre sus cercanos, pero que ambos manten\u00edan en privado.<\/p>\n<p>\u201cTengo una relaci\u00f3n muy valiosa y cuidada para m\u00ed\u201d, asegur\u00f3 Toh\u00e1 al matutino chileno. \u201cDesde hace un tiempo somos pareja con Mario Marcel, buscando mantener esto en un plano privado\u201d, agreg\u00f3.<\/p>\n<p>La abanderada presidencial valor\u00f3 el l\u00edmite entre lo privado y lo p\u00fablico tradicionalmente reconocido en Chile. Sin embargo, subray\u00f3 que esta relaci\u00f3n sigue siendo personal: \u201cSigo estando en el \u00e1mbito privado, cont\u00e1ndolo solo porque las personas quieren saber m\u00e1s de m\u00ed\u201d.<\/p>\n<p>Toh\u00e1 explic\u00f3 c\u00f3mo la relaci\u00f3n con Marcel comenz\u00f3 durante su primer a\u00f1o como ministra: \u201cFue gradual, no fue algo del d\u00eda al otro\u201d. Ahora, conf\u00eda en que podr\u00e1n seguir cuidando y fortaleciendo esta conexi\u00f3n.<\/p>\n<p>En cuanto a incompatibilidades, Toh\u00e1 descart\u00f3 cualquier problema legal. Como ministro de Hacienda, Marcel maneja las finanzas sin interferir en las campa\u00f1as pol\u00edticas: \u201cLa billetera fiscal no tiene ninguna influencia en nuestras decisiones\u201d, dijo.<\/p>\n<p>Respecto a cr\u00edticas potenciales, Toh\u00e1 afirm\u00f3 que no ve nada inadecuado. \u201c\u00c9l es una persona muy seria y yo tambi\u00e9n lo soy\u201d, subray\u00f3. A\u00f1adi\u00f3 que ya informaron sobre su relaci\u00f3n al presidente Gabriel Boric: \u201cNo era un secreto para nadie, solo nunca hicimos un anuncio p\u00fablico\u201d.<\/p>\n<p>Finalmente, la exministra destac\u00f3 la importancia de mantener las fronteras entre el espacio personal y p\u00fablico: \u201cEs bueno cuidar esos espacios privados\u201d.<\/p>\n","protected":false},"excerpt":{"rendered":"<p>Carolina Toh\u00e1, candidata presidencial del Socialismo Democr\u00e1tico, confirm\u00f3 su relaci\u00f3n con el ministro de Hacienda Mario Marcel. En entrevista con La Tercera, la exministra del Interior ratific\u00f3 lo que ya se conoc\u00eda entre sus cercanos, pero que ambos manten\u00edan en privado. \u201cTengo una relaci\u00f3n muy valiosa y cuidada para m\u00ed\u201d, asegur\u00f3 Toh\u00e1 al matutino chileno. [&hellip;]<\/p>\n","protected":false},"author":2,"featured_media":14714,"comment_status":"closed","ping_status":"open","sticky":false,"template":"","format":"standard","meta":{"_jetpack_memberships_contains_paid_content":false,"jnews-multi-image_gallery":[],"jnews_single_post":[],"jnews_primary_category":[],"jnews_social_meta":[],"jnews_paywall_metabox":[],"jnews_review":[],"enable_review":"","type":"","name":"","summary":"","brand":"","sku":"","good":[],"bad":[],"score_override":"","override_value":"","rating":[],"price":[],"jnews_override_counter":[],"jnews_post_split":[],"footnotes":""},"categories":[83],"tags":[],"class_list":["post-14715","post","type-post","status-publish","format-standard","has-post-thumbnail","hentry","category-politica"],"jetpack_featured_media_url":"https:\/\/laserenaradio.cl\/web\/wp-content\/uploads\/2025\/05\/homepiaiextractoscrapimg_predeterminadalaserenaradio_politica-1.webp","jetpack_sharing_enabled":true,"_links":{"self":[{"href":"https:\/\/laserenaradio.cl\/web\/wp-json\/wp\/v2\/posts\/14715","targetHints":{"allow":["GET"]}}],"collection":[{"href":"https:\/\/laserenaradio.cl\/web\/wp-json\/wp\/v2\/posts"}],"about":[{"href":"https:\/\/laserenaradio.cl\/web\/wp-json\/wp\/v2\/types\/post"}],"author":[{"embeddable":true,"href":"https:\/\/laserenaradio.cl\/web\/wp-json\/wp\/v2\/users\/2"}],"replies":[{"embeddable":true,"href":"https:\/\/laserenaradio.cl\/web\/wp-json\/wp\/v2\/comments?post=14715"}],"version-history":[{"count":1,"href":"https:\/\/laserenaradio.cl\/web\/wp-json\/wp\/v2\/posts\/14715\/revisions"}],"predecessor-version":[{"id":14716,"href":"https:\/\/laserenaradio.cl\/web\/wp-json\/wp\/v2\/posts\/14715\/revisions\/14716"}],"wp:featuredmedia":[{"embeddable":true,"href":"https:\/\/laserenaradio.cl\/web\/wp-json\/wp\/v2\/media\/14714"}],"wp:attachment":[{"href":"https:\/\/laserenaradio.cl\/web\/wp-json\/wp\/v2\/media?parent=14715"}],"wp:term":[{"taxonomy":"category","embeddable":true,"href":"https:\/\/laserenaradio.cl\/web\/wp-json\/wp\/v2\/categories?post=14715"},{"taxonomy":"post_tag","embeddable":true,"href":"https:\/\/laserenaradio.cl\/web\/wp-json\/wp\/v2\/tags?post=14715"}],"curies":[{"name":"wp","href":"https:\/\/api.w.org\/{rel}","templated":true}]}}