{"id":14709,"date":"2025-05-03T16:41:45","date_gmt":"2025-05-03T19:41:45","guid":{"rendered":"https:\/\/laserenaradio.cl\/web\/?p=14709"},"modified":"2025-05-03T16:41:45","modified_gmt":"2025-05-03T19:41:45","slug":"evelyn-matthei-critica-al-ministro-carlos-montes-por-su-apoyo-a-carolina-toha","status":"publish","type":"post","link":"https:\/\/laserenaradio.cl\/web\/2025\/05\/03\/evelyn-matthei-critica-al-ministro-carlos-montes-por-su-apoyo-a-carolina-toha\/","title":{"rendered":"Evelyn Matthei critica al ministro Carlos Montes por su apoyo a Carolina Toh\u00e1."},"content":{"rendered":"<p>Durante un acto de campa\u00f1a en Providencia este s\u00e1bado, Evelyn Matthei, candidata presidencial de Chile Vamos, critic\u00f3 al ministro de Vivienda y Urbanismo, Carlos Montes, por su apoyo hacia Carolina Toh\u00e1, candidata del Socialismo Democr\u00e1tico. Montes hab\u00eda afirmado que Toh\u00e1 &#8220;ser\u00eda una gran presidenta para Chile&#8221;, lo que gener\u00f3 cr\u00edticas en el oficialismo y la oposici\u00f3n.<\/p>\n<p>Matthei respondi\u00f3 exigiendo a Montes que se enfocara en su trabajo: &#8220;Hemos conocido hace pocos d\u00edas atr\u00e1s un informe de la Contralor\u00eda General de la Rep\u00fablica que ha mostrado el vergonzoso avance en materia de reconstrucci\u00f3n por los incendios de Vi\u00f1a. Por lo tanto, yo realmente le pedir\u00eda a ese ministro y a todos los ministros que en realidad hagan su pega, porque la tienen muy abandonada&#8221;.<\/p>\n<p>Seg\u00fan El Mercurio, Matthei planea anunciar el lunes por la ma\u00f1ana los nombres de quienes compondr\u00e1n su comit\u00e9 pol\u00edtico. En la actividad de hoy se encontraba la senadora Paulina N\u00fa\u00f1ez, vocera de Chile Vamos, quien asegur\u00f3 que en las pr\u00f3ximas semanas se van a anunciar las personas que trabajar\u00e1n en cada \u00e1rea program\u00e1tica de la campa\u00f1a.<\/p>\n<p>Cada semana, seg\u00fan N\u00fa\u00f1ez, Matthei presentar\u00e1 el programa de un \u00e1rea y fortalecer\u00e1 el trabajo en regiones.<\/p>\n","protected":false},"excerpt":{"rendered":"<p>Durante un acto de campa\u00f1a en Providencia este s\u00e1bado, Evelyn Matthei, candidata presidencial de Chile Vamos, critic\u00f3 al ministro de Vivienda y Urbanismo, Carlos Montes, por su apoyo hacia Carolina Toh\u00e1, candidata del Socialismo Democr\u00e1tico. Montes hab\u00eda afirmado que Toh\u00e1 &#8220;ser\u00eda una gran presidenta para Chile&#8221;, lo que gener\u00f3 cr\u00edticas en el oficialismo y la [&hellip;]<\/p>\n","protected":false},"author":2,"featured_media":14708,"comment_status":"closed","ping_status":"open","sticky":false,"template":"","format":"standard","meta":{"_jetpack_memberships_contains_paid_content":false,"jnews-multi-image_gallery":[],"jnews_single_post":[],"jnews_primary_category":[],"jnews_social_meta":[],"jnews_paywall_metabox":[],"jnews_review":[],"enable_review":"","type":"","name":"","summary":"","brand":"","sku":"","good":[],"bad":[],"score_override":"","override_value":"","rating":[],"price":[],"jnews_override_counter":[],"jnews_post_split":[],"footnotes":""},"categories":[83],"tags":[],"class_list":["post-14709","post","type-post","status-publish","format-standard","has-post-thumbnail","hentry","category-politica"],"jetpack_featured_media_url":"https:\/\/laserenaradio.cl\/web\/wp-content\/uploads\/2025\/05\/homepiaiextractoscrapimg_webpministroMattheiEvelynMattheicandidata_0.webp","jetpack_sharing_enabled":true,"_links":{"self":[{"href":"https:\/\/laserenaradio.cl\/web\/wp-json\/wp\/v2\/posts\/14709","targetHints":{"allow":["GET"]}}],"collection":[{"href":"https:\/\/laserenaradio.cl\/web\/wp-json\/wp\/v2\/posts"}],"about":[{"href":"https:\/\/laserenaradio.cl\/web\/wp-json\/wp\/v2\/types\/post"}],"author":[{"embeddable":true,"href":"https:\/\/laserenaradio.cl\/web\/wp-json\/wp\/v2\/users\/2"}],"replies":[{"embeddable":true,"href":"https:\/\/laserenaradio.cl\/web\/wp-json\/wp\/v2\/comments?post=14709"}],"version-history":[{"count":1,"href":"https:\/\/laserenaradio.cl\/web\/wp-json\/wp\/v2\/posts\/14709\/revisions"}],"predecessor-version":[{"id":14710,"href":"https:\/\/laserenaradio.cl\/web\/wp-json\/wp\/v2\/posts\/14709\/revisions\/14710"}],"wp:featuredmedia":[{"embeddable":true,"href":"https:\/\/laserenaradio.cl\/web\/wp-json\/wp\/v2\/media\/14708"}],"wp:attachment":[{"href":"https:\/\/laserenaradio.cl\/web\/wp-json\/wp\/v2\/media?parent=14709"}],"wp:term":[{"taxonomy":"category","embeddable":true,"href":"https:\/\/laserenaradio.cl\/web\/wp-json\/wp\/v2\/categories?post=14709"},{"taxonomy":"post_tag","embeddable":true,"href":"https:\/\/laserenaradio.cl\/web\/wp-json\/wp\/v2\/tags?post=14709"}],"curies":[{"name":"wp","href":"https:\/\/api.w.org\/{rel}","templated":true}]}}