{"id":14639,"date":"2025-05-02T14:09:33","date_gmt":"2025-05-02T17:09:33","guid":{"rendered":"https:\/\/laserenaradio.cl\/web\/?p=14639"},"modified":"2025-05-02T14:12:15","modified_gmt":"2025-05-02T17:12:15","slug":"condenan-imagen-de-kast-y-kaiser-vistiendo-simbolos-nazis","status":"publish","type":"post","link":"https:\/\/laserenaradio.cl\/web\/2025\/05\/02\/condenan-imagen-de-kast-y-kaiser-vistiendo-simbolos-nazis\/","title":{"rendered":"Condenan imagen de Kast y Kaiser vistiendo s\u00edmbolos nazis."},"content":{"rendered":"\n<p>El precandidato presidencial de la Federaci\u00f3n Regionalista Verde Social (FRVS), Jaime Mulet, conden\u00f3 la imagen compartida en las redes sociales de las Juventudes Comunistas, donde aparecen dos mu\u00f1ecos de Jos\u00e9 Antonio Kast y Johannes Kaiser vistiendo s\u00edmbolos nazis.<\/p>\n\n\n\n<p>Recordemos que durante la manifestaci\u00f3n de este jueves por la conmemoraci\u00f3n del 1 de mayo, dos figuras fueron colgadas de sus tobillos en un paradero del sistema RED en Alameda con Nataniel Cox, a un costado de La Moneda. Respecto a los mu\u00f1ecos de Kast y Kaiser, el abanderado regionalista, Jaime Mulet, coment\u00f3 que \u201cla verdad es que no me gust\u00f3\u201d.<\/p>\n\n\n\n<p>En esa misma l\u00ednea, sostuvo que \u201cuno puede entender lo que se hizo en un ambiente de jocosidad y de broma -y ojal\u00e1 as\u00ed sea, si no es m\u00e1s grave a\u00fan-, pero creo que hay que condenarlo categ\u00f3ricamente\u201d. Incluidos todos los precandidatos a la Presidencia de la Rep\u00fablica, incluida la se\u00f1ora Jara, cree que es importante que se haga y se condene. Lo anterior, considerando que \u201cpor ah\u00ed se empieza y muchas veces no se sabe d\u00f3nde termina\u201d.<\/p>\n\n\n\n<p>Finalmente, reiter\u00f3 que \u201caunque haya sido una broma, espero que se condene categ\u00f3ricamente. No me gustan esas bromas\u201d. Uno de los afectados, el diputado Kaiser se refiri\u00f3 a lo sucedido a trav\u00e9s de sus redes sociales, recordando el acuerdo que firm\u00f3 la URSS de Joseph Stalin con la Alemania nazi de Adolf Hitler.<\/p>\n\n\n\n<p>A prop\u00f3sito de cierta foto publicada por los subdesarrollados intelectuales de la JJCC, quiero recordarles que los \u00fanicos que pactan con nazis son los comunistas\u201d, se\u00f1al\u00f3 Kaiser. Cabe destacar que el ministro de Justicia, Jaime Gajardo, no solo catalog\u00f3 lo sucedido como \u201clamentable\u201d, sino que tambi\u00e9n pidi\u00f3 una condena transversal.<\/p>\n\n\n\n<p>Lo vi, me parece lamentable, y en esto quiero ser bien claro, creo que todos tenemos que condenar esta publicaci\u00f3n\u201d, se\u00f1al\u00f3 a T13 Radio.<\/p>\n\n\n\n<figure class=\"wp-block-embed is-type-rich is-provider-twitter wp-block-embed-twitter\"><div class=\"wp-block-embed__wrapper\">\n<div class=\"embed-twitter\"><blockquote class=\"twitter-tweet\" data-width=\"500\" data-dnt=\"true\"><p lang=\"es\" dir=\"ltr\">El PC y JJCC predican la tolerancia, respeto y democracia, pero a la vez muestran su grado de violencia colgando 2 mu\u00f1ecos con las caras de Jos\u00e9 Antonio Kast y Johannes Kaiser boca abajo, tach\u00e1ndolos de &#39;nazis&#39;. <br><br>\u00bfD\u00f3nde qued\u00f3 el discurso que tanto predican? Weones de mierda&#8230;\ud83d\ude24 <a href=\"https:\/\/t.co\/W4vybHI0DM\">pic.twitter.com\/W4vybHI0DM<\/a><\/p>&mdash; El\u00edas Joel \ud83c\udde8\ud83c\uddf1\ud83d\udde1\ufe0f\ud83d\udee1\ufe0f (@_E_J_O_E_) <a href=\"https:\/\/twitter.com\/_E_J_O_E_\/status\/1918144938925322540?ref_src=twsrc%5Etfw\">May 2, 2025<\/a><\/blockquote><script async src=\"https:\/\/platform.twitter.com\/widgets.js\" charset=\"utf-8\"><\/script><\/div>\n<\/div><\/figure>\n","protected":false},"excerpt":{"rendered":"<p>El precandidato presidencial de la Federaci\u00f3n Regionalista Verde Social (FRVS), Jaime Mulet, conden\u00f3 la imagen compartida en las redes sociales de las Juventudes Comunistas, donde aparecen dos mu\u00f1ecos de Jos\u00e9 Antonio Kast y Johannes Kaiser vistiendo s\u00edmbolos nazis. Recordemos que durante la manifestaci\u00f3n de este jueves por la conmemoraci\u00f3n del 1 de mayo, dos figuras [&hellip;]<\/p>\n","protected":false},"author":2,"featured_media":14638,"comment_status":"closed","ping_status":"open","sticky":false,"template":"","format":"standard","meta":{"_jetpack_memberships_contains_paid_content":false,"jnews-multi-image_gallery":[],"jnews_single_post":{"format":"standard"},"jnews_primary_category":[],"jnews_social_meta":[],"jnews_paywall_metabox":[],"jnews_review":[],"enable_review":"","type":"","name":"","summary":"","brand":"","sku":"","good":[],"bad":[],"score_override":"","override_value":"","rating":[],"price":[],"jnews_override_counter":[],"jnews_post_split":[],"footnotes":""},"categories":[83],"tags":[],"class_list":["post-14639","post","type-post","status-publish","format-standard","has-post-thumbnail","hentry","category-politica"],"jetpack_featured_media_url":"https:\/\/laserenaradio.cl\/web\/wp-content\/uploads\/2025\/05\/homepiaiextractoscrapimg_webpCondenaKast_0.webp","jetpack_sharing_enabled":true,"_links":{"self":[{"href":"https:\/\/laserenaradio.cl\/web\/wp-json\/wp\/v2\/posts\/14639","targetHints":{"allow":["GET"]}}],"collection":[{"href":"https:\/\/laserenaradio.cl\/web\/wp-json\/wp\/v2\/posts"}],"about":[{"href":"https:\/\/laserenaradio.cl\/web\/wp-json\/wp\/v2\/types\/post"}],"author":[{"embeddable":true,"href":"https:\/\/laserenaradio.cl\/web\/wp-json\/wp\/v2\/users\/2"}],"replies":[{"embeddable":true,"href":"https:\/\/laserenaradio.cl\/web\/wp-json\/wp\/v2\/comments?post=14639"}],"version-history":[{"count":2,"href":"https:\/\/laserenaradio.cl\/web\/wp-json\/wp\/v2\/posts\/14639\/revisions"}],"predecessor-version":[{"id":14641,"href":"https:\/\/laserenaradio.cl\/web\/wp-json\/wp\/v2\/posts\/14639\/revisions\/14641"}],"wp:featuredmedia":[{"embeddable":true,"href":"https:\/\/laserenaradio.cl\/web\/wp-json\/wp\/v2\/media\/14638"}],"wp:attachment":[{"href":"https:\/\/laserenaradio.cl\/web\/wp-json\/wp\/v2\/media?parent=14639"}],"wp:term":[{"taxonomy":"category","embeddable":true,"href":"https:\/\/laserenaradio.cl\/web\/wp-json\/wp\/v2\/categories?post=14639"},{"taxonomy":"post_tag","embeddable":true,"href":"https:\/\/laserenaradio.cl\/web\/wp-json\/wp\/v2\/tags?post=14639"}],"curies":[{"name":"wp","href":"https:\/\/api.w.org\/{rel}","templated":true}]}}