{"id":14636,"date":"2025-05-02T14:07:46","date_gmt":"2025-05-02T17:07:46","guid":{"rendered":"https:\/\/laserenaradio.cl\/web\/?p=14636"},"modified":"2025-05-02T14:07:46","modified_gmt":"2025-05-02T17:07:46","slug":"la-senadora-carmen-gloria-aravena-critica-el-uso-politico-de-un-informe-de-paz","status":"publish","type":"post","link":"https:\/\/laserenaradio.cl\/web\/2025\/05\/02\/la-senadora-carmen-gloria-aravena-critica-el-uso-politico-de-un-informe-de-paz\/","title":{"rendered":"La senadora Carmen Gloria Aravena critica el uso pol\u00edtico de un informe de paz."},"content":{"rendered":"<p>La senadora Carmen Gloria Aravena coment\u00f3 sobre el informe elaborado por la Comisi\u00f3n para la Paz y el Entendimiento, presentado tras dos a\u00f1os de investigaci\u00f3n en las regiones del B\u00edo B\u00edo, La Araucan\u00eda, Los R\u00edos y Los Lagos. Aunque no todos los miembros llegaron a un acuerdo, siete de ocho comisionados apoyaron una propuesta de 22 puntos que busca resolver conflictos territoriales.<\/p>\n<p>Durante una entrevista con Radio Pauta, Aravena tambi\u00e9n habl\u00f3 sobre su renuncia al Partido Republicano. Indic\u00f3 que acept\u00f3 la propuesta porque tras dos a\u00f1os de trabajo y m\u00e1s de 5.000 reuniones, consider\u00f3 que rechazarla solo por mantener un cupo electoral ser\u00eda poco correcto.<\/p>\n<p>Enfatiz\u00f3 que firm\u00f3 el documento \u201cporque la soluci\u00f3n para cambiar esto es justamente la propuesta que estamos entregando. De lo contrario, en 30 a\u00f1os m\u00e1s vamos a tener el doble de deuda de tierras\u201d. Adem\u00e1s, afirm\u00f3 que es un texto t\u00e9cnico y poco pol\u00edtico.<\/p>\n<p>Sobre consensos, Aravena asegur\u00f3 que el decreto nunca pidi\u00f3 unanimidad, sino un acuerdo interno para presionar a lograr una buena soluci\u00f3n. Aclar\u00f3 que la propuesta no pierde validez si uno de los ocho miembros no la firm\u00f3 y que es una propuesta, no una ley.<\/p>\n<p>Admiti\u00f3 que su decisi\u00f3n personal tuvo un alto costo para su carrera pol\u00edtica al renunciar a la posibilidad de ser reelecta. Sin embargo, consider\u00f3 que el pa\u00eds es m\u00e1s importante que una candidatura.<\/p>\n<p>Finalmente, Aravena dijo: \u201cHe hecho 24 leyes en siete a\u00f1os, pero la vida no empieza ni termina en el Parlamento. Me voy tranquila con la conciencia\u201d. Adem\u00e1s, enfatiz\u00f3 la importancia de pensar distinto para leer, analizar y opinar, y que la Araucan\u00eda necesita este avance m\u00e1s que nunca.<\/p>\n","protected":false},"excerpt":{"rendered":"<p>La senadora Carmen Gloria Aravena coment\u00f3 sobre el informe elaborado por la Comisi\u00f3n para la Paz y el Entendimiento, presentado tras dos a\u00f1os de investigaci\u00f3n en las regiones del B\u00edo B\u00edo, La Araucan\u00eda, Los R\u00edos y Los Lagos. Aunque no todos los miembros llegaron a un acuerdo, siete de ocho comisionados apoyaron una propuesta de [&hellip;]<\/p>\n","protected":false},"author":2,"featured_media":14635,"comment_status":"closed","ping_status":"open","sticky":false,"template":"","format":"standard","meta":{"_jetpack_memberships_contains_paid_content":false,"jnews-multi-image_gallery":[],"jnews_single_post":[],"jnews_primary_category":[],"jnews_social_meta":[],"jnews_paywall_metabox":[],"jnews_review":[],"enable_review":"","type":"","name":"","summary":"","brand":"","sku":"","good":[],"bad":[],"score_override":"","override_value":"","rating":[],"price":[],"jnews_override_counter":[],"jnews_post_split":[],"footnotes":""},"categories":[83],"tags":[],"class_list":["post-14636","post","type-post","status-publish","format-standard","has-post-thumbnail","hentry","category-politica"],"jetpack_featured_media_url":"https:\/\/laserenaradio.cl\/web\/wp-content\/uploads\/2025\/05\/homepiaiextractoscrapimg_webppropuestaAravenasenadoraCarmenGloriaAravena_1.webp","jetpack_sharing_enabled":true,"_links":{"self":[{"href":"https:\/\/laserenaradio.cl\/web\/wp-json\/wp\/v2\/posts\/14636","targetHints":{"allow":["GET"]}}],"collection":[{"href":"https:\/\/laserenaradio.cl\/web\/wp-json\/wp\/v2\/posts"}],"about":[{"href":"https:\/\/laserenaradio.cl\/web\/wp-json\/wp\/v2\/types\/post"}],"author":[{"embeddable":true,"href":"https:\/\/laserenaradio.cl\/web\/wp-json\/wp\/v2\/users\/2"}],"replies":[{"embeddable":true,"href":"https:\/\/laserenaradio.cl\/web\/wp-json\/wp\/v2\/comments?post=14636"}],"version-history":[{"count":1,"href":"https:\/\/laserenaradio.cl\/web\/wp-json\/wp\/v2\/posts\/14636\/revisions"}],"predecessor-version":[{"id":14637,"href":"https:\/\/laserenaradio.cl\/web\/wp-json\/wp\/v2\/posts\/14636\/revisions\/14637"}],"wp:featuredmedia":[{"embeddable":true,"href":"https:\/\/laserenaradio.cl\/web\/wp-json\/wp\/v2\/media\/14635"}],"wp:attachment":[{"href":"https:\/\/laserenaradio.cl\/web\/wp-json\/wp\/v2\/media?parent=14636"}],"wp:term":[{"taxonomy":"category","embeddable":true,"href":"https:\/\/laserenaradio.cl\/web\/wp-json\/wp\/v2\/categories?post=14636"},{"taxonomy":"post_tag","embeddable":true,"href":"https:\/\/laserenaradio.cl\/web\/wp-json\/wp\/v2\/tags?post=14636"}],"curies":[{"name":"wp","href":"https:\/\/api.w.org\/{rel}","templated":true}]}}