{"id":14633,"date":"2025-05-02T14:06:36","date_gmt":"2025-05-02T17:06:36","guid":{"rendered":"https:\/\/laserenaradio.cl\/web\/?p=14633"},"modified":"2025-05-02T14:06:36","modified_gmt":"2025-05-02T17:06:36","slug":"trump-anuncia-revocacion-de-exencion-fiscal-a-harvard","status":"publish","type":"post","link":"https:\/\/laserenaradio.cl\/web\/2025\/05\/02\/trump-anuncia-revocacion-de-exencion-fiscal-a-harvard\/","title":{"rendered":"Trump anuncia revocaci\u00f3n de exenci\u00f3n fiscal a Harvard."},"content":{"rendered":"<p>El presidente Donald Trump anunci\u00f3 que Harvard perder\u00e1 su exenci\u00f3n fiscal, permiti\u00e9ndole evitar impuestos sobre ingresos como instituci\u00f3n educativa. Este anuncio, hecho en la madrugada a trav\u00e9s de Twitter, se produce tras semanas de amenazas por parte del Servicio de Impuestos Internos (IRS). &#8220;Le quitaremos a Harvard la exenci\u00f3n de impuestos. \u00a1Es lo que se merecen!&#8221;, sostuvo Trump.<\/p>\n<p>Figuras conservadoras han intensificado cr\u00edticas contra Harvard y otras universidades de \u00e9lite en los \u00faltimos a\u00f1os, acus\u00e1ndolas de promover agendas ideol\u00f3gicas liberales y permitir un aumento del antisemitismo, especialmente en el contexto de protestas estudiantiles contra la guerra en Gaza. Trump y otros republicanos han acusado a las instituciones de fomentar agendas liberales y la llamada &#8220;concienciaci\u00f3n&#8221; o wokeness.<\/p>\n<p>Esta semana, Harvard public\u00f3 informes internos sobre antisemitismo y prejuicios contra musulmanes, reflejando un ambiente tenso en el campus tras el ataque de Ham\u00e1s a Israel el 7 de octubre de 2023. El rector Alan Garber reconoci\u00f3 en una carta que la universidad no estuvo siempre a la altura de sus propias expectativas y se comprometi\u00f3 a colaborar con la administraci\u00f3n.<\/p>\n<p>Aunque el c\u00f3digo del IRS impide que los presidentes interfieran directamente en decisiones de la agencia tributaria, el comisionado del IRS depende del secretario del Tesoro. Por lo tanto, no est\u00e1 claro si el anuncio de Trump refleja una decisi\u00f3n propia o una instrucci\u00f3n a la agencia.<\/p>\n<p>La disputa entre Trump y Harvard se ha intensificado tras la negativa de la universidad a modificar sus pol\u00edticas internas seg\u00fan las demandas del gobierno. La administraci\u00f3n ha congelado miles de millones de d\u00f3lares en fondos destinados a investigaciones en temas como la esclerosis lateral amiotr\u00f3fica y tuberculosis, lo que ha llevado a Harvard a presentar demandas contra varias agencias federales y altos funcionarios del gobierno.<\/p>\n<p>Adem\u00e1s, Harvard advirti\u00f3 que revocar su exenci\u00f3n fiscal tendr\u00eda &#8220;graves consecuencias&#8221;. La senadora dem\u00f3crata Elizabeth Warren calific\u00f3 como &#8220;rotundamente ilegal&#8221; que un presidente ordene al IRS investigar o modificar el estatus fiscal de un contribuyente, expresando su apoyo a la universidad.<\/p>\n","protected":false},"excerpt":{"rendered":"<p>El presidente Donald Trump anunci\u00f3 que Harvard perder\u00e1 su exenci\u00f3n fiscal, permiti\u00e9ndole evitar impuestos sobre ingresos como instituci\u00f3n educativa. Este anuncio, hecho en la madrugada a trav\u00e9s de Twitter, se produce tras semanas de amenazas por parte del Servicio de Impuestos Internos (IRS). &#8220;Le quitaremos a Harvard la exenci\u00f3n de impuestos. \u00a1Es lo que se [&hellip;]<\/p>\n","protected":false},"author":2,"featured_media":14632,"comment_status":"closed","ping_status":"open","sticky":false,"template":"","format":"standard","meta":{"_jetpack_memberships_contains_paid_content":false,"jnews-multi-image_gallery":[],"jnews_single_post":[],"jnews_primary_category":[],"jnews_social_meta":[],"jnews_paywall_metabox":[],"jnews_review":[],"enable_review":"","type":"","name":"","summary":"","brand":"","sku":"","good":[],"bad":[],"score_override":"","override_value":"","rating":[],"price":[],"jnews_override_counter":[],"jnews_post_split":[],"footnotes":""},"categories":[83],"tags":[],"class_list":["post-14633","post","type-post","status-publish","format-standard","has-post-thumbnail","hentry","category-politica"],"jetpack_featured_media_url":"https:\/\/laserenaradio.cl\/web\/wp-content\/uploads\/2025\/05\/homepiaiextractoscrapimg_webpTrumpHarvard_1.webp","jetpack_sharing_enabled":true,"_links":{"self":[{"href":"https:\/\/laserenaradio.cl\/web\/wp-json\/wp\/v2\/posts\/14633","targetHints":{"allow":["GET"]}}],"collection":[{"href":"https:\/\/laserenaradio.cl\/web\/wp-json\/wp\/v2\/posts"}],"about":[{"href":"https:\/\/laserenaradio.cl\/web\/wp-json\/wp\/v2\/types\/post"}],"author":[{"embeddable":true,"href":"https:\/\/laserenaradio.cl\/web\/wp-json\/wp\/v2\/users\/2"}],"replies":[{"embeddable":true,"href":"https:\/\/laserenaradio.cl\/web\/wp-json\/wp\/v2\/comments?post=14633"}],"version-history":[{"count":1,"href":"https:\/\/laserenaradio.cl\/web\/wp-json\/wp\/v2\/posts\/14633\/revisions"}],"predecessor-version":[{"id":14634,"href":"https:\/\/laserenaradio.cl\/web\/wp-json\/wp\/v2\/posts\/14633\/revisions\/14634"}],"wp:featuredmedia":[{"embeddable":true,"href":"https:\/\/laserenaradio.cl\/web\/wp-json\/wp\/v2\/media\/14632"}],"wp:attachment":[{"href":"https:\/\/laserenaradio.cl\/web\/wp-json\/wp\/v2\/media?parent=14633"}],"wp:term":[{"taxonomy":"category","embeddable":true,"href":"https:\/\/laserenaradio.cl\/web\/wp-json\/wp\/v2\/categories?post=14633"},{"taxonomy":"post_tag","embeddable":true,"href":"https:\/\/laserenaradio.cl\/web\/wp-json\/wp\/v2\/tags?post=14633"}],"curies":[{"name":"wp","href":"https:\/\/api.w.org\/{rel}","templated":true}]}}