{"id":14596,"date":"2025-05-01T20:19:10","date_gmt":"2025-05-01T23:19:10","guid":{"rendered":"https:\/\/laserenaradio.cl\/web\/?p=14596"},"modified":"2025-05-01T20:19:10","modified_gmt":"2025-05-01T23:19:10","slug":"presidente-de-la-cut-exige-a-candidatos-incluir-salario-vital-en-programas-de-gobierno","status":"publish","type":"post","link":"https:\/\/laserenaradio.cl\/web\/2025\/05\/01\/presidente-de-la-cut-exige-a-candidatos-incluir-salario-vital-en-programas-de-gobierno\/","title":{"rendered":"Presidente de la CUT exige a candidatos incluir salario vital en programas de gobierno"},"content":{"rendered":"<p>Pasado el mediod\u00eda de este jueves, en la conmemoraci\u00f3n del d\u00eda del trabajador, David Acu\u00f1a, presidente de la Central Unitaria de Trabajadores (CUT), subi\u00f3 al escenario y emplaz\u00f3 a las autoridades a avanzar en derechos laborales. <\/p>\n<p>Nuestra agenda futura es clara: salario vital, negociaci\u00f3n ramal, pensiones dignas y sala cuna con perspectiva educativa, se\u00f1al\u00f3 Acu\u00f1a. Estas demandas forman parte de una visi\u00f3n colectiva del pa\u00eds que aspiramos construir juntos: un lugar justo, solidario, donde los derechos est\u00e9n garantizados y el Estado se destine al servicio de la gente en lugar del gran empresariado.<\/p>\n<p>Particularmente, Acu\u00f1a enfatiz\u00f3 en el aumento del sueldo m\u00ednimo. En estos a\u00f1os logramos el mayor avance del salario m\u00ednimo: llegamos a $500 mil, hoy tenemos $529 mil y alcanzaremos los $539 mil, superando la l\u00ednea de pobreza del programa actual, destac\u00f3.<\/p>\n<p>No obstante, Acu\u00f1a reconoci\u00f3 que no es suficiente. Se\u00f1al\u00f3 la necesidad de un salario vital que represente dignidad y crezca al mismo nivel que el costo de la vida. <\/p>\n<p>La negociaci\u00f3n ramal, a juicio de Acu\u00f1a, representa la transformaci\u00f3n m\u00e1s importante pendiente. Se han forzado en nombrarla como multinivel para ocultar los derechos arrebatados por el plan laboral de la dictadura, se\u00f1al\u00f3.<\/p>\n<p>\u201cNo es solo un acto reivindicativo, sino un bien superior que fortalece el di\u00e1logo social. Busca garant\u00edas m\u00ednimas para las nuevas relaciones laborales y necesidades de cada sector, fortaleciendo la negociaci\u00f3n colectiva\u201d, explic\u00f3 Acu\u00f1a.<\/p>\n<p>El l\u00edder gremial destac\u00f3 que lograron establecer un cronograma con el Gobierno para discutir los puntos y avanzar en el proyecto. <\/p>\n<p>Respecto a las pensiones, se\u00f1al\u00f3 la urgencia de una reforma profunda, abandonando el fracasado modelo de las AFP, asegur\u00f3 Acu\u00f1a.<\/p>\n<p>Adem\u00e1s, Acu\u00f1a valor\u00f3 los avances laborales conseguidos en los \u00faltimos a\u00f1os, como la Ley de 40 horas, la Ley Karin y el Convenio 190 de la OIT. \u201cFuimos nosotros quienes impulsamos estas transformaciones\u201d, resalt\u00f3.<\/p>\n<p>Acu\u00f1a tambi\u00e9n emplaz\u00f3 a las autoridades y candidatos presidenciales a incluir el trabajo decente, negociaci\u00f3n ramal y salario vital en sus programas. <\/p>\n<p>Finalmente, el dirigente arremeti\u00f3 contra la derecha, criticando los candidatos del sector que compiten para La Moneda, asegurando que no creen en condiciones laborales dignas. &#8220;No da lo mismo quien gobierne&#8221;, sentenci\u00f3 Acu\u00f1a.<\/p>\n","protected":false},"excerpt":{"rendered":"<p>Pasado el mediod\u00eda de este jueves, en la conmemoraci\u00f3n del d\u00eda del trabajador, David Acu\u00f1a, presidente de la Central Unitaria de Trabajadores (CUT), subi\u00f3 al escenario y emplaz\u00f3 a las autoridades a avanzar en derechos laborales. Nuestra agenda futura es clara: salario vital, negociaci\u00f3n ramal, pensiones dignas y sala cuna con perspectiva educativa, se\u00f1al\u00f3 Acu\u00f1a. [&hellip;]<\/p>\n","protected":false},"author":2,"featured_media":14595,"comment_status":"closed","ping_status":"open","sticky":false,"template":"","format":"standard","meta":{"_jetpack_memberships_contains_paid_content":false,"jnews-multi-image_gallery":[],"jnews_single_post":[],"jnews_primary_category":[],"jnews_social_meta":[],"jnews_paywall_metabox":[],"jnews_review":[],"enable_review":"","type":"","name":"","summary":"","brand":"","sku":"","good":[],"bad":[],"score_override":"","override_value":"","rating":[],"price":[],"jnews_override_counter":[],"jnews_post_split":[],"footnotes":""},"categories":[83],"tags":[],"class_list":["post-14596","post","type-post","status-publish","format-standard","has-post-thumbnail","hentry","category-politica"],"jetpack_featured_media_url":"https:\/\/laserenaradio.cl\/web\/wp-content\/uploads\/2025\/05\/homepiaiextractoscrapimg_predeterminadalaserenaradio_politica.webp","jetpack_sharing_enabled":true,"_links":{"self":[{"href":"https:\/\/laserenaradio.cl\/web\/wp-json\/wp\/v2\/posts\/14596","targetHints":{"allow":["GET"]}}],"collection":[{"href":"https:\/\/laserenaradio.cl\/web\/wp-json\/wp\/v2\/posts"}],"about":[{"href":"https:\/\/laserenaradio.cl\/web\/wp-json\/wp\/v2\/types\/post"}],"author":[{"embeddable":true,"href":"https:\/\/laserenaradio.cl\/web\/wp-json\/wp\/v2\/users\/2"}],"replies":[{"embeddable":true,"href":"https:\/\/laserenaradio.cl\/web\/wp-json\/wp\/v2\/comments?post=14596"}],"version-history":[{"count":1,"href":"https:\/\/laserenaradio.cl\/web\/wp-json\/wp\/v2\/posts\/14596\/revisions"}],"predecessor-version":[{"id":14597,"href":"https:\/\/laserenaradio.cl\/web\/wp-json\/wp\/v2\/posts\/14596\/revisions\/14597"}],"wp:featuredmedia":[{"embeddable":true,"href":"https:\/\/laserenaradio.cl\/web\/wp-json\/wp\/v2\/media\/14595"}],"wp:attachment":[{"href":"https:\/\/laserenaradio.cl\/web\/wp-json\/wp\/v2\/media?parent=14596"}],"wp:term":[{"taxonomy":"category","embeddable":true,"href":"https:\/\/laserenaradio.cl\/web\/wp-json\/wp\/v2\/categories?post=14596"},{"taxonomy":"post_tag","embeddable":true,"href":"https:\/\/laserenaradio.cl\/web\/wp-json\/wp\/v2\/tags?post=14596"}],"curies":[{"name":"wp","href":"https:\/\/api.w.org\/{rel}","templated":true}]}}