{"id":14542,"date":"2025-04-30T17:29:26","date_gmt":"2025-04-30T20:29:26","guid":{"rendered":"https:\/\/laserenaradio.cl\/web\/?p=14542"},"modified":"2025-04-30T17:29:26","modified_gmt":"2025-04-30T20:29:26","slug":"boric-hay-que-dejar-que-las-instituciones-funcionen","status":"publish","type":"post","link":"https:\/\/laserenaradio.cl\/web\/2025\/04\/30\/boric-hay-que-dejar-que-las-instituciones-funcionen\/","title":{"rendered":"Boric: &#8220;Hay que dejar que las instituciones funcionen&#8221;"},"content":{"rendered":"<p>El presidente Gabriel Boric pidi\u00f3 dejar que las instituciones funcionen, enfatizando la importancia de su correcto desempe\u00f1o. En medio de la pol\u00e9mica por los emplazamientos a la <a href=\"https:\/\/www.fiscaliadechile.cl\/\">Fiscal\u00eda<\/a>, el mandatario evit\u00f3 responder si fue un error que personeros del Gobierno pidieran explicaciones sobre las solicitudes de &#8220;pinchazos&#8221; controvertidas.<\/p>\n<p>Recordemos que, en el marco de la investigaci\u00f3n del Caso Convenios, la <a href=\"https:\/\/www.fiscaliadechile.cl\/\">Fiscal\u00eda<\/a> pidi\u00f3 intervenir el tel\u00e9fono del exjefe de asesores del Segundo Piso de La Moneda, Miguel Crispi. Sin embargo, esta solicitud no fue autorizada para el jefe de Estado por falta de pruebas suficientes m\u00e1s all\u00e1 de su amistad con uno de los investigados.<\/p>\n<p>En cambio, en el caso de Crispi, el &#8220;pinchazo&#8221; recibi\u00f3 luz verde, revelando informaci\u00f3n sobre el Caso Convenios y supuestas presiones de Isabel Allende para la venta de la casa de su padre. Esta decisi\u00f3n gener\u00f3 cr\u00edticas desde La Moneda, donde se pidieron explicaciones a la <a href=\"https:\/\/www.fiscaliadechile.cl\/\">Fiscal\u00eda<\/a>.<\/p>\n<p>Consultado al respecto, luego de participar en la cuenta p\u00fablica del fiscal nacional \u00c1ngel Valencia, el presidente Gabriel Boric evit\u00f3 responder si fue un error, enfatizando que las instituciones deben hacer su trabajo. Sin embargo, reconoci\u00f3 que es natural que se generen tensiones entre ellas.<\/p>\n<p>&#8220;Las instituciones tienen que hacer su trabajo y, cuando eso sucede, es natural que a veces se generen tensiones&#8221;, afirm\u00f3 Boric. &#8220;Cuando se generan tensiones en las instituciones, siempre hay que volver a los principios de justicia&#8221;, a\u00f1adi\u00f3.<\/p>\n<p>El mandatario enfatiz\u00f3 la confianza en la institucionalidad chilena y su convicci\u00f3n de que nadie est\u00e1 por sobre la ley. &#8220;Yo personalmente, y todo el gobierno, siempre, siempre, vamos a tener toda la disposici\u00f3n para colaborar con la justicia en el cumplimiento de la ley&#8221;, concluy\u00f3 Boric.<\/p>\n","protected":false},"excerpt":{"rendered":"<p>El presidente Gabriel Boric pidi\u00f3 dejar que las instituciones funcionen, enfatizando la importancia de su correcto desempe\u00f1o. En medio de la pol\u00e9mica por los emplazamientos a la Fiscal\u00eda, el mandatario evit\u00f3 responder si fue un error que personeros del Gobierno pidieran explicaciones sobre las solicitudes de &#8220;pinchazos&#8221; controvertidas. Recordemos que, en el marco de la [&hellip;]<\/p>\n","protected":false},"author":2,"featured_media":14541,"comment_status":"closed","ping_status":"open","sticky":false,"template":"","format":"standard","meta":{"_jetpack_memberships_contains_paid_content":false,"jnews-multi-image_gallery":[],"jnews_single_post":[],"jnews_primary_category":[],"jnews_social_meta":[],"jnews_paywall_metabox":[],"jnews_review":[],"enable_review":"","type":"","name":"","summary":"","brand":"","sku":"","good":[],"bad":[],"score_override":"","override_value":"","rating":[],"price":[],"jnews_override_counter":[],"jnews_post_split":[],"footnotes":""},"categories":[83],"tags":[],"class_list":["post-14542","post","type-post","status-publish","format-standard","has-post-thumbnail","hentry","category-politica"],"jetpack_featured_media_url":"https:\/\/laserenaradio.cl\/web\/wp-content\/uploads\/2025\/04\/homepiaiextractoscrapimg_webpBoricinstituciones_1.webp","jetpack_sharing_enabled":true,"_links":{"self":[{"href":"https:\/\/laserenaradio.cl\/web\/wp-json\/wp\/v2\/posts\/14542","targetHints":{"allow":["GET"]}}],"collection":[{"href":"https:\/\/laserenaradio.cl\/web\/wp-json\/wp\/v2\/posts"}],"about":[{"href":"https:\/\/laserenaradio.cl\/web\/wp-json\/wp\/v2\/types\/post"}],"author":[{"embeddable":true,"href":"https:\/\/laserenaradio.cl\/web\/wp-json\/wp\/v2\/users\/2"}],"replies":[{"embeddable":true,"href":"https:\/\/laserenaradio.cl\/web\/wp-json\/wp\/v2\/comments?post=14542"}],"version-history":[{"count":1,"href":"https:\/\/laserenaradio.cl\/web\/wp-json\/wp\/v2\/posts\/14542\/revisions"}],"predecessor-version":[{"id":14543,"href":"https:\/\/laserenaradio.cl\/web\/wp-json\/wp\/v2\/posts\/14542\/revisions\/14543"}],"wp:featuredmedia":[{"embeddable":true,"href":"https:\/\/laserenaradio.cl\/web\/wp-json\/wp\/v2\/media\/14541"}],"wp:attachment":[{"href":"https:\/\/laserenaradio.cl\/web\/wp-json\/wp\/v2\/media?parent=14542"}],"wp:term":[{"taxonomy":"category","embeddable":true,"href":"https:\/\/laserenaradio.cl\/web\/wp-json\/wp\/v2\/categories?post=14542"},{"taxonomy":"post_tag","embeddable":true,"href":"https:\/\/laserenaradio.cl\/web\/wp-json\/wp\/v2\/tags?post=14542"}],"curies":[{"name":"wp","href":"https:\/\/api.w.org\/{rel}","templated":true}]}}