{"id":14539,"date":"2025-04-30T17:28:16","date_gmt":"2025-04-30T20:28:16","guid":{"rendered":"https:\/\/laserenaradio.cl\/web\/?p=14539"},"modified":"2025-04-30T17:28:16","modified_gmt":"2025-04-30T20:28:16","slug":"renuncia-senadora-a-su-partido-tras-debate-sobre-la-paz","status":"publish","type":"post","link":"https:\/\/laserenaradio.cl\/web\/2025\/04\/30\/renuncia-senadora-a-su-partido-tras-debate-sobre-la-paz\/","title":{"rendered":"Renuncia senadora a su partido tras debate sobre la paz"},"content":{"rendered":"<p>La senadora Carmen Gloria Aravena anunci\u00f3 su renuncia al Partido Republicano. Esta decisi\u00f3n surge tras un debate generado a ra\u00edz de la Comisi\u00f3n para la Paz y el Entendimiento, que busca medidas para enfrentar la situaci\u00f3n en la Macrozona Sur. Espec\u00edficamente, despu\u00e9s de revelarse que desde la tienda liderada por Arturo Squella no apoyaban el proceso, Aravena decidi\u00f3 dar un paso al costado y abandonar el proyecto pol\u00edtico, cuyo enfoque ahora se centra en la carrera presidencial de Jos\u00e9 Antonio Kast.<\/p>\n","protected":false},"excerpt":{"rendered":"<p>La senadora Carmen Gloria Aravena anunci\u00f3 su renuncia al Partido Republicano. Esta decisi\u00f3n surge tras un debate generado a ra\u00edz de la Comisi\u00f3n para la Paz y el Entendimiento, que busca medidas para enfrentar la situaci\u00f3n en la Macrozona Sur. Espec\u00edficamente, despu\u00e9s de revelarse que desde la tienda liderada por Arturo Squella no apoyaban el [&hellip;]<\/p>\n","protected":false},"author":2,"featured_media":14538,"comment_status":"closed","ping_status":"open","sticky":false,"template":"","format":"standard","meta":{"_jetpack_memberships_contains_paid_content":false,"jnews-multi-image_gallery":[],"jnews_single_post":[],"jnews_primary_category":[],"jnews_social_meta":[],"jnews_paywall_metabox":[],"jnews_review":[],"enable_review":"","type":"","name":"","summary":"","brand":"","sku":"","good":[],"bad":[],"score_override":"","override_value":"","rating":[],"price":[],"jnews_override_counter":[],"jnews_post_split":[],"footnotes":""},"categories":[83],"tags":[],"class_list":["post-14539","post","type-post","status-publish","format-standard","has-post-thumbnail","hentry","category-politica"],"jetpack_featured_media_url":"https:\/\/laserenaradio.cl\/web\/wp-content\/uploads\/2025\/04\/homepiaiextractoscrapimg_webpdebateCarmenGloriaAravenarenuncia_0.webp","jetpack_sharing_enabled":true,"_links":{"self":[{"href":"https:\/\/laserenaradio.cl\/web\/wp-json\/wp\/v2\/posts\/14539","targetHints":{"allow":["GET"]}}],"collection":[{"href":"https:\/\/laserenaradio.cl\/web\/wp-json\/wp\/v2\/posts"}],"about":[{"href":"https:\/\/laserenaradio.cl\/web\/wp-json\/wp\/v2\/types\/post"}],"author":[{"embeddable":true,"href":"https:\/\/laserenaradio.cl\/web\/wp-json\/wp\/v2\/users\/2"}],"replies":[{"embeddable":true,"href":"https:\/\/laserenaradio.cl\/web\/wp-json\/wp\/v2\/comments?post=14539"}],"version-history":[{"count":1,"href":"https:\/\/laserenaradio.cl\/web\/wp-json\/wp\/v2\/posts\/14539\/revisions"}],"predecessor-version":[{"id":14540,"href":"https:\/\/laserenaradio.cl\/web\/wp-json\/wp\/v2\/posts\/14539\/revisions\/14540"}],"wp:featuredmedia":[{"embeddable":true,"href":"https:\/\/laserenaradio.cl\/web\/wp-json\/wp\/v2\/media\/14538"}],"wp:attachment":[{"href":"https:\/\/laserenaradio.cl\/web\/wp-json\/wp\/v2\/media?parent=14539"}],"wp:term":[{"taxonomy":"category","embeddable":true,"href":"https:\/\/laserenaradio.cl\/web\/wp-json\/wp\/v2\/categories?post=14539"},{"taxonomy":"post_tag","embeddable":true,"href":"https:\/\/laserenaradio.cl\/web\/wp-json\/wp\/v2\/tags?post=14539"}],"curies":[{"name":"wp","href":"https:\/\/api.w.org\/{rel}","templated":true}]}}