{"id":14509,"date":"2025-04-29T20:57:44","date_gmt":"2025-04-29T23:57:44","guid":{"rendered":"https:\/\/laserenaradio.cl\/web\/?p=14509"},"modified":"2025-04-29T20:57:44","modified_gmt":"2025-04-29T23:57:44","slug":"oposicion-a-la-propuesta-de-aumento-de-sueldo-minimo-de-la-cut","status":"publish","type":"post","link":"https:\/\/laserenaradio.cl\/web\/2025\/04\/29\/oposicion-a-la-propuesta-de-aumento-de-sueldo-minimo-de-la-cut\/","title":{"rendered":"Oposici\u00f3n a la propuesta de aumento de sueldo m\u00ednimo de la CUT"},"content":{"rendered":"<p>En la oposici\u00f3n, diputados de RN y la UDI cuestionaron la propuesta de aumento del sueldo m\u00ednimo presentada por la Central Unitaria de Trabajadores (CUT). Por un lado, el diputado Henry Leal, jefe de bancada de la UDI, sostuvo que la propuesta es \u201cabsolutamente irresponsable\u201d y critic\u00f3 que un incremento del 12% o alcanzar $1 mill\u00f3n en cuatro a\u00f1os sea \u201cno entender la realidad de las peque\u00f1as y medianas empresas\u201d. <\/p>\n<p>Tenemos un problema gigantesco en Chile, un mill\u00f3n de personas desempleadas, una informalidad como nunca antes en la historia y una precariedad en el mercado laboral\u201d, explic\u00f3. Agregando que \u00e9l es partidario de aumentar el sueldo basado en el costo de vida e IPC, pero estos niveles demuestran que quienes dirigen la CUT jam\u00e1s han dado un trabajo a nadie (\u2026) esto ser\u00eda reventar las pymes y condenar a cerca de mill\u00f3n de personas sin empleo.<\/p>\n<p>Frank Sauerbaum, diputado de Renovaci\u00f3n Nacional e integrante de la comisi\u00f3n del Trabajo, plante\u00f3 que la CUT es el brazo armado de la candidatura del Partido Comunista. Llam\u00f3 a la CUT a ser responsable con los actuales trabajadores y quienes han perdido el empleo, ya que \u201cel mercado laboral no ha podido soportar hoy d\u00eda la rebaja horaria de 40 horas, el aumento de salario m\u00ednimo y ahora la nueva cotizaci\u00f3n previsional extra del 6%\u201d.<\/p>\n<p>Ximena Ossand\u00f3n, diputada RN, se\u00f1al\u00f3 que el ingreso m\u00ednimo mensual es un salario de protecci\u00f3n al mercado laboral. No puede ser un costo del empleador y la subsistencia es un tema de seguridad social complementado con subsidios habitacionales, de agua, maternales, de basura, etc\u00e9tera.<\/p>\n<p>Mauro Gonz\u00e1lez (RN) advirti\u00f3 que la propuesta \u201ces una receta que en teor\u00eda suena bien pero en pr\u00e1ctica termina perjudicando a los trabajadores. Si seguimos subiendo el salario m\u00ednimo sin crecimiento econ\u00f3mico, vamos a terminar destruyendo m\u00e1s empleos, especialmente en las pymes que hoy est\u00e1n ahogadas\u201d.<\/p>\n","protected":false},"excerpt":{"rendered":"<p>En la oposici\u00f3n, diputados de RN y la UDI cuestionaron la propuesta de aumento del sueldo m\u00ednimo presentada por la Central Unitaria de Trabajadores (CUT). Por un lado, el diputado Henry Leal, jefe de bancada de la UDI, sostuvo que la propuesta es \u201cabsolutamente irresponsable\u201d y critic\u00f3 que un incremento del 12% o alcanzar $1 [&hellip;]<\/p>\n","protected":false},"author":2,"featured_media":14508,"comment_status":"closed","ping_status":"open","sticky":false,"template":"","format":"standard","meta":{"_jetpack_memberships_contains_paid_content":false,"jnews-multi-image_gallery":[],"jnews_single_post":[],"jnews_primary_category":[],"jnews_social_meta":[],"jnews_paywall_metabox":[],"jnews_review":[],"enable_review":"","type":"","name":"","summary":"","brand":"","sku":"","good":[],"bad":[],"score_override":"","override_value":"","rating":[],"price":[],"jnews_override_counter":[],"jnews_post_split":[],"footnotes":""},"categories":[83],"tags":[],"class_list":["post-14509","post","type-post","status-publish","format-standard","has-post-thumbnail","hentry","category-politica"],"jetpack_featured_media_url":"https:\/\/laserenaradio.cl\/web\/wp-content\/uploads\/2025\/04\/homepiaiextractoscrapimg_webppropuestaaumentosueldomercado_0.webp","jetpack_sharing_enabled":true,"_links":{"self":[{"href":"https:\/\/laserenaradio.cl\/web\/wp-json\/wp\/v2\/posts\/14509","targetHints":{"allow":["GET"]}}],"collection":[{"href":"https:\/\/laserenaradio.cl\/web\/wp-json\/wp\/v2\/posts"}],"about":[{"href":"https:\/\/laserenaradio.cl\/web\/wp-json\/wp\/v2\/types\/post"}],"author":[{"embeddable":true,"href":"https:\/\/laserenaradio.cl\/web\/wp-json\/wp\/v2\/users\/2"}],"replies":[{"embeddable":true,"href":"https:\/\/laserenaradio.cl\/web\/wp-json\/wp\/v2\/comments?post=14509"}],"version-history":[{"count":1,"href":"https:\/\/laserenaradio.cl\/web\/wp-json\/wp\/v2\/posts\/14509\/revisions"}],"predecessor-version":[{"id":14510,"href":"https:\/\/laserenaradio.cl\/web\/wp-json\/wp\/v2\/posts\/14509\/revisions\/14510"}],"wp:featuredmedia":[{"embeddable":true,"href":"https:\/\/laserenaradio.cl\/web\/wp-json\/wp\/v2\/media\/14508"}],"wp:attachment":[{"href":"https:\/\/laserenaradio.cl\/web\/wp-json\/wp\/v2\/media?parent=14509"}],"wp:term":[{"taxonomy":"category","embeddable":true,"href":"https:\/\/laserenaradio.cl\/web\/wp-json\/wp\/v2\/categories?post=14509"},{"taxonomy":"post_tag","embeddable":true,"href":"https:\/\/laserenaradio.cl\/web\/wp-json\/wp\/v2\/tags?post=14509"}],"curies":[{"name":"wp","href":"https:\/\/api.w.org\/{rel}","templated":true}]}}