{"id":14485,"date":"2025-04-28T19:11:11","date_gmt":"2025-04-28T22:11:11","guid":{"rendered":"https:\/\/laserenaradio.cl\/web\/?p=14485"},"modified":"2025-04-28T19:11:11","modified_gmt":"2025-04-28T22:11:11","slug":"kaiser-confirma-su-candidatura-presidencial","status":"publish","type":"post","link":"https:\/\/laserenaradio.cl\/web\/2025\/04\/28\/kaiser-confirma-su-candidatura-presidencial\/","title":{"rendered":"Kaiser confirma su candidatura presidencial."},"content":{"rendered":"<p>El candidato del Partido Nacional Libertario (PNL), diputado Johannes Kaiser, confirm\u00f3 que no se bajar\u00e1 de la carrera presidencial.<\/p>\n<p>Durante los \u00faltimos d\u00edas han surgido rumores sobre la posibilidad de que el libertario baje su candidatura para una eventual primaria con Jos\u00e9 Antonio Kast, del Partido Republicano, o por su ca\u00edda en algunas encuestas. <\/p>\n<p>Kaiser despej\u00f3 las dudas y se\u00f1al\u00f3 que &#8220;este debate de s\u00ed me bajo o no me bajo, est\u00e1 generando un ruido innecesario&#8221;. <\/p>\n<p>En la medida en que las condiciones se mantengan tal como est\u00e1n en este momento, yo no me voy a bajar; si cambian para peor, no me voy a bajar; y si cambian para mejor, tampoco me voy a bajar.<\/p>\n<p>Por su parte, el presidente del Partido Republicano, Arturo Squella, sostuvo que una primaria no ser\u00eda beneficiosa en cualquier circunstancia. <\/p>\n<p>Seg\u00fan Squella, es necesario ir con las distintas propuestas pol\u00edticas a primera vuelta, y a\u00f1adi\u00f3 que &#8220;se dice que se est\u00e1 desaprovechando una oportunidad. Creo que es importante decir que eso que llaman oportunidad, algunos, tiene un costo para el pa\u00eds enorme, que son m\u00e1s de $40 mil millones, que es lo que cuesta realizar primarias de Arica a Punta Arenas, y eso no se ha comentado&#8221;.<\/p>\n<p>Cabe mencionar que el plazo final para que los partidos pol\u00edticos inscriban primarias finaliza este mi\u00e9rcoles 30 de abril.<\/p>\n","protected":false},"excerpt":{"rendered":"<p>El candidato del Partido Nacional Libertario (PNL), diputado Johannes Kaiser, confirm\u00f3 que no se bajar\u00e1 de la carrera presidencial. Durante los \u00faltimos d\u00edas han surgido rumores sobre la posibilidad de que el libertario baje su candidatura para una eventual primaria con Jos\u00e9 Antonio Kast, del Partido Republicano, o por su ca\u00edda en algunas encuestas. Kaiser [&hellip;]<\/p>\n","protected":false},"author":2,"featured_media":14484,"comment_status":"closed","ping_status":"open","sticky":false,"template":"","format":"standard","meta":{"_jetpack_memberships_contains_paid_content":false,"jnews-multi-image_gallery":[],"jnews_single_post":[],"jnews_primary_category":[],"jnews_social_meta":[],"jnews_paywall_metabox":[],"jnews_review":[],"enable_review":"","type":"","name":"","summary":"","brand":"","sku":"","good":[],"bad":[],"score_override":"","override_value":"","rating":[],"price":[],"jnews_override_counter":[],"jnews_post_split":[],"footnotes":""},"categories":[83],"tags":[],"class_list":["post-14485","post","type-post","status-publish","format-standard","has-post-thumbnail","hentry","category-politica"],"jetpack_featured_media_url":"https:\/\/laserenaradio.cl\/web\/wp-content\/uploads\/2025\/04\/homepiaiextractoscrapimg_predeterminadalaserenaradio_politica-10.webp","jetpack_sharing_enabled":true,"_links":{"self":[{"href":"https:\/\/laserenaradio.cl\/web\/wp-json\/wp\/v2\/posts\/14485","targetHints":{"allow":["GET"]}}],"collection":[{"href":"https:\/\/laserenaradio.cl\/web\/wp-json\/wp\/v2\/posts"}],"about":[{"href":"https:\/\/laserenaradio.cl\/web\/wp-json\/wp\/v2\/types\/post"}],"author":[{"embeddable":true,"href":"https:\/\/laserenaradio.cl\/web\/wp-json\/wp\/v2\/users\/2"}],"replies":[{"embeddable":true,"href":"https:\/\/laserenaradio.cl\/web\/wp-json\/wp\/v2\/comments?post=14485"}],"version-history":[{"count":1,"href":"https:\/\/laserenaradio.cl\/web\/wp-json\/wp\/v2\/posts\/14485\/revisions"}],"predecessor-version":[{"id":14486,"href":"https:\/\/laserenaradio.cl\/web\/wp-json\/wp\/v2\/posts\/14485\/revisions\/14486"}],"wp:featuredmedia":[{"embeddable":true,"href":"https:\/\/laserenaradio.cl\/web\/wp-json\/wp\/v2\/media\/14484"}],"wp:attachment":[{"href":"https:\/\/laserenaradio.cl\/web\/wp-json\/wp\/v2\/media?parent=14485"}],"wp:term":[{"taxonomy":"category","embeddable":true,"href":"https:\/\/laserenaradio.cl\/web\/wp-json\/wp\/v2\/categories?post=14485"},{"taxonomy":"post_tag","embeddable":true,"href":"https:\/\/laserenaradio.cl\/web\/wp-json\/wp\/v2\/tags?post=14485"}],"curies":[{"name":"wp","href":"https:\/\/api.w.org\/{rel}","templated":true}]}}