{"id":14479,"date":"2025-04-28T19:07:25","date_gmt":"2025-04-28T22:07:25","guid":{"rendered":"https:\/\/laserenaradio.cl\/web\/?p=14479"},"modified":"2025-04-28T19:07:25","modified_gmt":"2025-04-28T22:07:25","slug":"fiscal-de-coquimbo-justifica-filtracion-de-conversacion-entre-crispi-e-isabel-allende","status":"publish","type":"post","link":"https:\/\/laserenaradio.cl\/web\/2025\/04\/28\/fiscal-de-coquimbo-justifica-filtracion-de-conversacion-entre-crispi-e-isabel-allende\/","title":{"rendered":"Fiscal de Coquimbo justifica filtraci\u00f3n de conversaci\u00f3n entre Crispi e Isabel Allende."},"content":{"rendered":"<p>El fiscal regional de Coquimbo, Patricio Cooper, se refiri\u00f3 a la filtraci\u00f3n del \u201cpinchazo\u201d al exjefe de asesores del Segundo Piso de La Moneda, Miguel Crispi. Se trata de algo que se conoci\u00f3 durante el fin de semana.<\/p>\n<p>En espec\u00edfico, se trat\u00f3 de la desclasificaci\u00f3n de una escucha telef\u00f3nica que capt\u00f3 la Polic\u00eda de Investigaciones (<a href=\"https:\/\/www.pdichile.cl\/\">PDI<\/a>), en medio de la indagatoria del caso ProCultura, arista del caso Fundaciones, entre el exfuncionario de Gobierno y su madre, la socialista Claudia Serrano.<\/p>\n<p>Pero dicha conversaci\u00f3n trata sobre otra pol\u00e9mica judicial: la fallida compra de la casa del presidente Salvador Allende. En el di\u00e1logo, Crispi acusa supuestas presiones de la exsenadora Isabel Allende para concretar la compra del inmueble de su padre.<\/p>\n<p>Este lunes, desde el Frente Amplio (FA) acusaron que existe una eventual intencionalidad por parte del Ministerio P\u00fablico al filtrar la conversaci\u00f3n. Consultado al respecto, el fiscal Patricio Cooper comenz\u00f3 diciendo que lo filtrado \u201ces informaci\u00f3n que estaba en la carpeta investigativa del mes de enero, o sea, hace m\u00e1s de casi cinco meses atr\u00e1s\u201d.<\/p>\n<p>Se entregaron copias la semana pasada a los intervinientes y la intervenci\u00f3n telef\u00f3nica del se\u00f1or Crispi estaba autorizada por un tribunal de la Rep\u00fablica. Eso es lo que yo puedo indicar al respecto y en base a conversaciones que lamentablemente se han hecho p\u00fablicas, el Ministerio P\u00fablico abri\u00f3 de oficio una investigaci\u00f3n que se denomina el caso por la compra fallida de la casa del expresidente Allende.<\/p>\n<p>El fiscal nacional decidi\u00f3 que la <a href=\"https:\/\/www.fiscaliadechile.cl\/\">Fiscal\u00eda<\/a> Regional de Coquimbo llevara a esa investigaci\u00f3n. \u201cEsa es la raz\u00f3n por la cual, digamos, se abri\u00f3 la causa, justamente porque en un hallazgo casual, en una intervenci\u00f3n telef\u00f3nica de otra causa, se tuvo esa informaci\u00f3n a la vista\u201d, explic\u00f3 Cooper.<\/p>\n<p>Respecto a desde cu\u00e1ndo est\u00e1 \u201cpinchado\u201d el tel\u00e9fono, Cooper contest\u00f3 que el aparato \u201cya no est\u00e1 pinchado, no est\u00e1 intervenido y desde cu\u00e1ndo a cu\u00e1ndo tampoco va a haber informaci\u00f3n respecto a eso, tomando en cuenta que ProCultura, si bien se venci\u00f3 el plazo de secreto, a\u00fan no entregamos copia a ning\u00fan interviniente y, por lo tanto, no voy a dar informaci\u00f3n alguna respecto a esa causa\u201d.<\/p>\n<p>El persecutor de la zona norte del pa\u00eds abord\u00f3 la cr\u00edtica a las medidas intrusivas. \u201cMe llama mucho la atenci\u00f3n que se habla de este tema cuando se afecta a ciertas personas, pero cuando se investiga otro tipo de delitos, no se cuestiona las intervenciones telef\u00f3nicas respecto al narcotr\u00e1fico, terrorismo, etc. Hay controles cruzados\u201d, se\u00f1al\u00f3.<\/p>\n<p>\u201cUna de las preguntas que se hacen muchas de las personas es qui\u00e9n controlar a los fiscales, bueno los jueces de garant\u00eda. El trabajo del Ministerio P\u00fablico es esencial en el sistema acusatorio que tenemos. Controles cruzados. El Tribunal de Garant\u00eda tiene que autorizar las medidas intrusivas y el trabajo del Ministerio P\u00fablico es solicitar esas medidas intrusivas cuando cree que tienen fundamento y la <a href=\"https:\/\/www.fiscaliadechile.cl\/\">Fiscal\u00eda<\/a> Regional de Coquimbo estim\u00f3 que ten\u00eda fundamento para esas medidas intrusivas\u201d, a\u00f1adi\u00f3.<\/p>\n<p>Concluyendo \u201c(\u2026) la <a href=\"https:\/\/www.fiscaliadechile.cl\/\">Fiscal\u00eda<\/a> Regional de Coquimbo considera que ten\u00edamos fundamentos para solicitarlo, as\u00ed lo solicitamos y nos fue otorgada por el Tribunal de Garant\u00eda en uso leg\u00edtimo de las funciones o de las responsabilidades y atribuciones de un juez de garant\u00eda\u201d.<\/p>\n","protected":false},"excerpt":{"rendered":"<p>El fiscal regional de Coquimbo, Patricio Cooper, se refiri\u00f3 a la filtraci\u00f3n del \u201cpinchazo\u201d al exjefe de asesores del Segundo Piso de La Moneda, Miguel Crispi. Se trata de algo que se conoci\u00f3 durante el fin de semana. En espec\u00edfico, se trat\u00f3 de la desclasificaci\u00f3n de una escucha telef\u00f3nica que capt\u00f3 la Polic\u00eda de Investigaciones [&hellip;]<\/p>\n","protected":false},"author":2,"featured_media":14478,"comment_status":"closed","ping_status":"open","sticky":false,"template":"","format":"standard","meta":{"_jetpack_memberships_contains_paid_content":false,"jnews-multi-image_gallery":[],"jnews_single_post":[],"jnews_primary_category":[],"jnews_social_meta":[],"jnews_paywall_metabox":[],"jnews_review":[],"enable_review":"","type":"","name":"","summary":"","brand":"","sku":"","good":[],"bad":[],"score_override":"","override_value":"","rating":[],"price":[],"jnews_override_counter":[],"jnews_post_split":[],"footnotes":""},"categories":[83],"tags":[],"class_list":["post-14479","post","type-post","status-publish","format-standard","has-post-thumbnail","hentry","category-politica"],"jetpack_featured_media_url":"https:\/\/laserenaradio.cl\/web\/wp-content\/uploads\/2025\/04\/homepiaiextractoscrapimg_predeterminadalaserenaradio_politica-9.webp","jetpack_sharing_enabled":true,"_links":{"self":[{"href":"https:\/\/laserenaradio.cl\/web\/wp-json\/wp\/v2\/posts\/14479","targetHints":{"allow":["GET"]}}],"collection":[{"href":"https:\/\/laserenaradio.cl\/web\/wp-json\/wp\/v2\/posts"}],"about":[{"href":"https:\/\/laserenaradio.cl\/web\/wp-json\/wp\/v2\/types\/post"}],"author":[{"embeddable":true,"href":"https:\/\/laserenaradio.cl\/web\/wp-json\/wp\/v2\/users\/2"}],"replies":[{"embeddable":true,"href":"https:\/\/laserenaradio.cl\/web\/wp-json\/wp\/v2\/comments?post=14479"}],"version-history":[{"count":1,"href":"https:\/\/laserenaradio.cl\/web\/wp-json\/wp\/v2\/posts\/14479\/revisions"}],"predecessor-version":[{"id":14480,"href":"https:\/\/laserenaradio.cl\/web\/wp-json\/wp\/v2\/posts\/14479\/revisions\/14480"}],"wp:featuredmedia":[{"embeddable":true,"href":"https:\/\/laserenaradio.cl\/web\/wp-json\/wp\/v2\/media\/14478"}],"wp:attachment":[{"href":"https:\/\/laserenaradio.cl\/web\/wp-json\/wp\/v2\/media?parent=14479"}],"wp:term":[{"taxonomy":"category","embeddable":true,"href":"https:\/\/laserenaradio.cl\/web\/wp-json\/wp\/v2\/categories?post=14479"},{"taxonomy":"post_tag","embeddable":true,"href":"https:\/\/laserenaradio.cl\/web\/wp-json\/wp\/v2\/tags?post=14479"}],"curies":[{"name":"wp","href":"https:\/\/api.w.org\/{rel}","templated":true}]}}