{"id":14470,"date":"2025-04-28T19:03:51","date_gmt":"2025-04-28T22:03:51","guid":{"rendered":"https:\/\/laserenaradio.cl\/web\/?p=14470"},"modified":"2025-04-28T19:03:51","modified_gmt":"2025-04-28T22:03:51","slug":"defensa-de-isabel-allende-sobre-presiones-en-compra-de-casa-del-padre-del-presidente-salvador-allende","status":"publish","type":"post","link":"https:\/\/laserenaradio.cl\/web\/2025\/04\/28\/defensa-de-isabel-allende-sobre-presiones-en-compra-de-casa-del-padre-del-presidente-salvador-allende\/","title":{"rendered":"Defensa de Isabel Allende sobre presiones en compra de casa del padre del presidente Salvador Allende"},"content":{"rendered":"<p>La abogada Paula Vial, l\u00edder de la defensa de Isabel Allende (PS), rechaz\u00f3 las acusaciones de Miguel Crispi sobre presiones para adquirir una casa. En la conversaci\u00f3n interceptada entre Crispi y su madre Claudia Serrano se habl\u00f3 de la compra fallida de la residencia del presidente Salvador Allende.<\/p>\n<p>Vial afirm\u00f3 que Isabel Allende no realiz\u00f3 ninguna gesti\u00f3n en relaci\u00f3n a la compraventa, sino que utiliz\u00f3 el papel de un mandatario formal. &#8220;Miguel Crispi no est\u00e1 diciendo una verdad; es falso lo que \u00e9l dice&#8221;, declar\u00f3 Vial.<\/p>\n<p>La defensora agreg\u00f3: &#8220;Adem\u00e1s, sus palabras son una falta de respeto hacia la familia Allende. \u00c9l genera un conflicto completamente innecesario&#8221;. <\/p>\n<p>En cuanto a las supuestas presiones, Vial explic\u00f3: &#8220;Isabel Allende estaba informada del proceso y hab\u00eda documentos que deb\u00eda entregar&#8221;. La abogada asegur\u00f3 que las gestiones se realizaron por un representante oficial.<\/p>\n<p>Sobre la conversaci\u00f3n entre Crispi y su madre, Vial manifest\u00f3: &#8220;Este es un proyecto que viene de Presidencia. Las gestiones las realiza un representante y nada de lo que dice Miguel es efectivo&#8221;. <\/p>\n<p>Finalmente, respecto a las acusaciones contra Isabel Allende, Vial sostuvo: &#8220;La senadora no tuvo ninguna intervenci\u00f3n. Ello debe explicarse por Miguel, quien se defiende de su propia inoperancia&#8221;.<\/p>\n","protected":false},"excerpt":{"rendered":"<p>La abogada Paula Vial, l\u00edder de la defensa de Isabel Allende (PS), rechaz\u00f3 las acusaciones de Miguel Crispi sobre presiones para adquirir una casa. En la conversaci\u00f3n interceptada entre Crispi y su madre Claudia Serrano se habl\u00f3 de la compra fallida de la residencia del presidente Salvador Allende. Vial afirm\u00f3 que Isabel Allende no realiz\u00f3 [&hellip;]<\/p>\n","protected":false},"author":2,"featured_media":14469,"comment_status":"closed","ping_status":"open","sticky":false,"template":"","format":"standard","meta":{"_jetpack_memberships_contains_paid_content":false,"jnews-multi-image_gallery":[],"jnews_single_post":[],"jnews_primary_category":[],"jnews_social_meta":[],"jnews_paywall_metabox":[],"jnews_review":[],"enable_review":"","type":"","name":"","summary":"","brand":"","sku":"","good":[],"bad":[],"score_override":"","override_value":"","rating":[],"price":[],"jnews_override_counter":[],"jnews_post_split":[],"footnotes":""},"categories":[83],"tags":[],"class_list":["post-14470","post","type-post","status-publish","format-standard","has-post-thumbnail","hentry","category-politica"],"jetpack_featured_media_url":"https:\/\/laserenaradio.cl\/web\/wp-content\/uploads\/2025\/04\/homepiaiextractoscrapimg_predeterminadalaserenaradio_politica-8.webp","jetpack_sharing_enabled":true,"_links":{"self":[{"href":"https:\/\/laserenaradio.cl\/web\/wp-json\/wp\/v2\/posts\/14470","targetHints":{"allow":["GET"]}}],"collection":[{"href":"https:\/\/laserenaradio.cl\/web\/wp-json\/wp\/v2\/posts"}],"about":[{"href":"https:\/\/laserenaradio.cl\/web\/wp-json\/wp\/v2\/types\/post"}],"author":[{"embeddable":true,"href":"https:\/\/laserenaradio.cl\/web\/wp-json\/wp\/v2\/users\/2"}],"replies":[{"embeddable":true,"href":"https:\/\/laserenaradio.cl\/web\/wp-json\/wp\/v2\/comments?post=14470"}],"version-history":[{"count":1,"href":"https:\/\/laserenaradio.cl\/web\/wp-json\/wp\/v2\/posts\/14470\/revisions"}],"predecessor-version":[{"id":14471,"href":"https:\/\/laserenaradio.cl\/web\/wp-json\/wp\/v2\/posts\/14470\/revisions\/14471"}],"wp:featuredmedia":[{"embeddable":true,"href":"https:\/\/laserenaradio.cl\/web\/wp-json\/wp\/v2\/media\/14469"}],"wp:attachment":[{"href":"https:\/\/laserenaradio.cl\/web\/wp-json\/wp\/v2\/media?parent=14470"}],"wp:term":[{"taxonomy":"category","embeddable":true,"href":"https:\/\/laserenaradio.cl\/web\/wp-json\/wp\/v2\/categories?post=14470"},{"taxonomy":"post_tag","embeddable":true,"href":"https:\/\/laserenaradio.cl\/web\/wp-json\/wp\/v2\/tags?post=14470"}],"curies":[{"name":"wp","href":"https:\/\/api.w.org\/{rel}","templated":true}]}}